{"id":12064,"date":"2024-05-23T20:24:46","date_gmt":"2024-05-23T23:24:46","guid":{"rendered":"https:\/\/animangeek.com\/os-fas-do-chainsaw-man-esperavam-o-retorno-de-uma-waifu\/"},"modified":"2024-05-23T20:24:46","modified_gmt":"2024-05-23T23:24:46","slug":"os-fas-do-chainsaw-man-esperavam-o-retorno-de-uma-waifu","status":"publish","type":"post","link":"https:\/\/animangeek.com\/es_es\/os-fas-do-chainsaw-man-esperavam-o-retorno-de-uma-waifu\/","title":{"rendered":"Los fan\u00e1ticos de Chainsaw Man han estado esperando el regreso de una waifu"},"content":{"rendered":"<div class=\"mx-5 sm:mx-0 prose text-left mb-5\"><\/p>\n<div>\n<p class=\"has-text-align-center has-white-color has-vivid-red-background-color has-text-color has-background has-link-color wp-elements-84a6a23c698b1c177ac56464aa71f3bb\"><strong>Este art\u00edculo contiene spoilers del manga &quot;Chainsaw Man&quot;. Se recomienda discreci\u00f3n al lector.<\/strong><\/p>\n<p>&quot;<strong>El hombre de la motosierra<\/strong>\u201c, de Tatsuki Fujimoto, pas\u00f3 de la acci\u00f3n animada del arco del Centro de Detenci\u00f3n de Demonios de Tokio a una acci\u00f3n m\u00e1s emotiva despu\u00e9s del despertar de <strong>Denji. Mientras Denji lucha por aceptar el nuevo mundo al que ha despertado y el hecho de que Nayuta podr\u00eda haberse ido para siempre, Asa y su improbable banda de usurpadores de la Seguridad P\u00fablica se han unido para intentar animarlo. <\/strong>El cap\u00edtulo 166 de \u201cChainsaw Man\u201d invita a los fans a re\u00edrse del dolor de Denji y le da al t\u00e9rmino \u201crebanada de vida\u201d un tono s\u00e1dico como solo \u201cChainsaw Man\u201d pod\u00eda hacerlo.<\/p>\n<p><strong>La ignorancia de Denji se muestra en todo su esplendor en el Cap\u00edtulo 166, siendo una fuente tanto de estupidez como de tristeza, a veces simult\u00e1neamente.<\/strong> Denji comienza a cuestionarse a s\u00ed mismo profundamente, lo que da lugar a algunas de las escenas m\u00e1s hilarantes, desgarradoras y aterradoras de la segunda mitad del manga. Y lo m\u00e1s importante, el cap\u00edtulo 166 obliga a Denji a tomar una decisi\u00f3n dif\u00edcil, de la que quiz\u00e1 nunca se recupere.<\/p>\n<div class=\"wp-block-image\">\n<figure class=\"aligncenter size-full\"><img loading=\"lazy\" decoding=\"async\" width=\"1024\" height=\"701\" src=\"http:\/\/animangeek.com\/wp-content\/uploads\/sites\/106\/2024\/05\/Os-fas-do-Chainsaw-Man-esperavam-o-retorno-de-uma.png\" alt=\"\" class=\"wp-image-330030\"  \/><\/figure>\n<\/div>\n<p>Desde que Denji fue capturado por Seguridad P\u00fablica, la mayor\u00eda de sus escenas han estado llenas de drama y tristeza, lo que se traslada en gran medida al Cap\u00edtulo 166. Sin embargo, Denji les recuerda a los lectores por qu\u00e9 es un protagonista tan querido, ya que es el blanco de las bromas y es extremadamente f\u00e1cil re\u00edrse de \u00e9l. <strong>En medio de su lucha por encontrar a Nayuta, Denji comienza a preguntarse si quiz\u00e1s su depresi\u00f3n no es s\u00f3lo porque est\u00e1 triste o tiene hambre: tal vez es porque &quot;no se ha masturbado \u00faltimamente&quot;.<\/strong><\/p>\n<p>La interacci\u00f3n posterior de Denji con Asa es todo lo que los fan\u00e1ticos esperar\u00edan de los dos y muestra cu\u00e1n fuertes son ambos como personajes.<strong> El punto \u00e1lgido de la hilaridad llega cuando Denji intenta racionalizar su conclusi\u00f3n sobre ir al burdel porque \u201ccient\u00edficamente hablando\u2026 \u00a1es lo mismo que tener hambre o sue\u00f1o!\u201d.<\/strong> Ante tal ridiculez, lo \u00fanico que uno puede hacer es responder &quot;\u00bfQu\u00e9 carajo?&quot;, y eso resume bastante bien c\u00f3mo uno podr\u00eda sentirse despu\u00e9s de hablar con Denji durante cinco minutos.<\/p>\n<p><strong>Dos p\u00e1ginas enteras est\u00e1n dedicadas a mostrar el conflicto interno de Denji a trav\u00e9s de sus expresiones faciales, ya que reconoce que realmente quiere ir al burdel, pero que tambi\u00e9n est\u00e1 &quot;mal&quot; para todos excepto para Katana Man. <\/strong>El anime y el manga siempre han hecho hincapi\u00e9 en las expresiones faciales como parte importante de la narrativa, pero &quot;Chainsaw Man&quot; las lleva a un nuevo nivel, m\u00e1s realista. A diferencia de las caricaturas cl\u00e1sicas utilizadas en otras series para exagerar las emociones, &quot;Chainsaw Man&quot; adopta un enfoque sutil y reservado, mucho m\u00e1s efectivo en su realismo.<\/p>\n<div class=\"wp-block-image\">\n<figure class=\"aligncenter size-full\"><img loading=\"lazy\" decoding=\"async\" width=\"1024\" height=\"739\" src=\"http:\/\/animangeek.com\/wp-content\/uploads\/sites\/106\/2024\/05\/1716506686_803_Os-fas-do-Chainsaw-Man-esperavam-o-retorno-de-uma.png\" alt=\"\" class=\"wp-image-330031\"  \/><\/figure>\n<\/div>\n<p>Tras la sugerencia de Katana Man de que Denji fuera a un burdel al final del Cap\u00edtulo 165, los fan\u00e1ticos comenzaron a teorizar sobre lo que Denji podr\u00eda encontrar all\u00ed. <strong>Una teor\u00eda que surgi\u00f3 fue que Kobeni se hab\u00eda convertido en trabajadora sexual despu\u00e9s de los eventos de la primera parte, y que Denji la encontrar\u00eda trabajando en el burdel de Katana Man.<\/strong> No es la primera vez que se sugiere esto, y no es casualidad. Durante la primera parte, mientras el grupo estaba atrapado en el hotel del Demonio de la Eternidad, Kobeni explic\u00f3 que la \u00fanica raz\u00f3n por la que se convirti\u00f3 en cazadora de demonios fue porque sus padres la obligaron a trabajar para ayudar a pagar la escuela de su hermano. <strong>Seg\u00fan ella, \u201c\u00a1mis \u00fanicas opciones eran ser trabajadora sexual o cazadora de demonios!\u201d<\/strong><\/p>\n<p><strong>Esto llev\u00f3 a algunos fan\u00e1ticos a concluir que, despu\u00e9s de dejar de ser una cazadora de demonios al final de la primera parte, podr\u00eda haberse convertido en una trabajadora sexual. <\/strong>Con la sugerencia de Katana Man de que vayan a un burdel, esta teor\u00eda resurgi\u00f3 entre los fan\u00e1ticos, y muchos creyeron que Denji y los dem\u00e1s podr\u00edan encontrarse accidentalmente con Kobeni en el burdel, ejerciendo su nuevo trabajo. <strong>Afortunadamente para Kobeni, esta teor\u00eda queda completamente desacreditada cuando el grupo finalmente llega al burdel de Katana en el Cap\u00edtulo 166, s\u00f3lo para encontrarlo quemado y destruido.<\/strong> El paradero de Kobeni sigue siendo un misterio en la segunda parte, pero eso puede ser lo mejor, ya que es mucho mejor para ella esconderse, evitar a sus padres t\u00f3xicos y comenzar su propia vida.<\/p>\n<div class=\"wp-block-image\">\n<figure class=\"aligncenter size-full\"><img loading=\"lazy\" decoding=\"async\" width=\"1280\" height=\"944\" src=\"http:\/\/animangeek.com\/wp-content\/uploads\/sites\/106\/2024\/05\/1716506686_836_Os-fas-do-Chainsaw-Man-esperavam-o-retorno-de-uma.png\" alt=\"\" class=\"wp-image-330032\"  \/><\/figure>\n<\/div>\n<p><strong>Aunque el incendio del burdel era una perspectiva positiva para los fan\u00e1ticos de Kobeni, para Denji significa un desastre total. <\/strong>Al ver el burdel en ruinas, Denji explota como si su propio mundo se derrumbara junto con el burdel. <strong>Cuando Denji se da cuenta de lo que pas\u00f3 en el burdel, empieza a cuestionarse todo lo que cre\u00eda sobre s\u00ed mismo. Sobre todo, se pregunta por qu\u00e9 quer\u00eda ir a un burdel cuando Nayuta estaba desaparecida y la gente mor\u00eda a su alrededor.<\/strong> Esta escena tiene todo lo necesario para ser un momento conmovedor, pero el tema la subvierte por completo. Cuando empieza a llover y Denji cae de rodillas, golpeando el suelo con el pu\u00f1o, la tragedia de la escena se convierte en comedia cuando exclama:<em><strong>La verdad es que lo \u00fanico que quer\u00eda era que las mujeres me saltaran encima\u2026 \u00a1para poder tener mucho sexo!<\/strong><\/em>\u00bb.<\/p>\n<p><strong>Mientras cae la lluvia, Denji reflexiona: \u00ab<em>\u00a1Es culpa de mi pene! \u00a1No puedo luchar contra ella! Lo arruina todo a mi alrededor.<\/em>\u00bb.<\/strong> El tono humor\u00edstico se vuelve r\u00e1pidamente deprimente. En este punto, Denji simplemente busca algo a lo que culpar, incluso si eso implica desvincularse de una parte de su propio cuerpo para justificar sus sentimientos. <strong>En su crisis mental, Denji enfrenta su propio sentido de identidad, ya que asume que qui\u00e9n es como persona no tiene nada que ver con su cuerpo; son dos cosas diferentes. <\/strong>Esta pregunta toca el coraz\u00f3n de cuestiones sociales relevantes en torno al g\u00e9nero, la identidad y lo que define a una persona. Los fans quiz\u00e1 nunca hubieran esperado que &quot;Chainsaw Man&quot; diera una respuesta definitiva a preguntas tan importantes, pero Fujimoto parece posicionarse en al menos un sentido al examinar el cambio de tono.<\/p>\n<p>Fuente: <strong><a rel=\"nofollow noopener\" target=\"_blank\" href=\"https:\/\/x.com\/oneforblu\/status\/1790399749557788926\">Gorjeo<\/a><\/strong><\/p>\n<\/div>\n<p><\/div>","protected":false},"excerpt":{"rendered":"<p>Este art\u00edculo contiene spoilers del manga &quot;Chainsaw Man&quot;. Se recomienda discreci\u00f3n al lector. &quot;Chainsaw Man&quot; de Tatsuki Fujimoto pasa de la acci\u00f3n animada del arco del Centro de Detenci\u00f3n de Demonios de Tokio a una m\u00e1s emotiva tras el despertar de Denji. Mientras Denji lucha por aceptar el nuevo mundo al que ha despertado... <a class=\"more-link\" href=\"https:\/\/animangeek.com\/es_es\/os-fas-do-chainsaw-man-esperavam-o-retorno-de-uma-waifu\/\">Sigue leyendo <span class=\"screen-reader-text\">Los fan\u00e1ticos de Chainsaw Man han estado esperando el regreso de una waifu<\/span><\/a><\/p>","protected":false},"author":0,"featured_media":12065,"comment_status":"open","ping_status":"open","sticky":false,"template":"","format":"standard","meta":{"footnotes":""},"categories":[5],"tags":[721,1449],"yoast_head":"<!-- This site is optimized with the Yoast SEO plugin v23.3 - https:\/\/yoast.com\/wordpress\/plugins\/seo\/ -->\n<title>Os f\u00e3s do Chainsaw Man esperavam o retorno de uma waifu - Animan Geek<\/title>\n<meta name=\"robots\" content=\"index, follow, max-snippet:-1, max-image-preview:large, max-video-preview:-1\" \/>\n<link rel=\"canonical\" href=\"https:\/\/animangeek.com\/es_es\/os-fas-do-chainsaw-man-esperavam-o-retorno-de-uma-waifu\/\" \/>\n<meta property=\"og:locale\" content=\"es_ES\" \/>\n<meta property=\"og:type\" content=\"article\" \/>\n<meta property=\"og:title\" content=\"Os f\u00e3s do Chainsaw Man esperavam o retorno de uma waifu - Animan Geek\" \/>\n<meta property=\"og:description\" content=\"Este artigo inclui spoilers do mang\u00e1 \u201cChainsaw Man\u201d. A discri\u00e7\u00e3o do leitor \u00e9 aconselhada. \u201cHomem motosserra\u201c, de Tatsuki Fujimoto, passou da a\u00e7\u00e3o otimista do arco do Centro de Deten\u00e7\u00e3o de Dem\u00f4nios de T\u00f3quio para uma a\u00e7\u00e3o mais emocional ap\u00f3s o despertar de Denji. Enquanto Denji luta para aceitar o novo mundo para o qual acordou&hellip; Continue reading Os f\u00e3s do Chainsaw Man esperavam o retorno de uma waifu\" \/>\n<meta property=\"og:url\" content=\"https:\/\/animangeek.com\/es_es\/os-fas-do-chainsaw-man-esperavam-o-retorno-de-uma-waifu\/\" \/>\n<meta property=\"og:site_name\" content=\"Animan Geek\" \/>\n<meta property=\"article:published_time\" content=\"2024-05-23T23:24:46+00:00\" \/>\n<meta property=\"og:image\" content=\"https:\/\/animangeek.com\/wp-content\/uploads\/sites\/106\/2024\/05\/Os-fas-do-Chainsaw-Man-esperavam-o-retorno-de-uma.jpg\" \/>\n\t<meta property=\"og:image:width\" content=\"1920\" \/>\n\t<meta property=\"og:image:height\" content=\"1080\" \/>\n\t<meta property=\"og:image:type\" content=\"image\/jpeg\" \/>\n<meta name=\"twitter:card\" content=\"summary_large_image\" \/>\n<meta name=\"twitter:label1\" content=\"Est. reading time\" \/>\n\t<meta name=\"twitter:data1\" content=\"5 minutos\" \/>\n<script type=\"application\/ld+json\" class=\"yoast-schema-graph\">{\"@context\":\"https:\/\/schema.org\",\"@graph\":[{\"@type\":\"WebPage\",\"@id\":\"https:\/\/animangeek.com\/os-fas-do-chainsaw-man-esperavam-o-retorno-de-uma-waifu\/\",\"url\":\"https:\/\/animangeek.com\/os-fas-do-chainsaw-man-esperavam-o-retorno-de-uma-waifu\/\",\"name\":\"Os f\u00e3s do Chainsaw Man esperavam o retorno de uma waifu - Animan Geek\",\"isPartOf\":{\"@id\":\"https:\/\/animangeek.com\/#website\"},\"primaryImageOfPage\":{\"@id\":\"https:\/\/animangeek.com\/os-fas-do-chainsaw-man-esperavam-o-retorno-de-uma-waifu\/#primaryimage\"},\"image\":{\"@id\":\"https:\/\/animangeek.com\/os-fas-do-chainsaw-man-esperavam-o-retorno-de-uma-waifu\/#primaryimage\"},\"thumbnailUrl\":\"https:\/\/animangeek.com\/wp-content\/uploads\/sites\/106\/2024\/05\/Os-fas-do-Chainsaw-Man-esperavam-o-retorno-de-uma.jpg\",\"datePublished\":\"2024-05-23T23:24:46+00:00\",\"dateModified\":\"2024-05-23T23:24:46+00:00\",\"author\":{\"@id\":\"\"},\"breadcrumb\":{\"@id\":\"https:\/\/animangeek.com\/os-fas-do-chainsaw-man-esperavam-o-retorno-de-uma-waifu\/#breadcrumb\"},\"inLanguage\":\"es\",\"potentialAction\":[{\"@type\":\"ReadAction\",\"target\":[\"https:\/\/animangeek.com\/os-fas-do-chainsaw-man-esperavam-o-retorno-de-uma-waifu\/\"]}]},{\"@type\":\"ImageObject\",\"inLanguage\":\"es\",\"@id\":\"https:\/\/animangeek.com\/os-fas-do-chainsaw-man-esperavam-o-retorno-de-uma-waifu\/#primaryimage\",\"url\":\"https:\/\/animangeek.com\/wp-content\/uploads\/sites\/106\/2024\/05\/Os-fas-do-Chainsaw-Man-esperavam-o-retorno-de-uma.jpg\",\"contentUrl\":\"https:\/\/animangeek.com\/wp-content\/uploads\/sites\/106\/2024\/05\/Os-fas-do-Chainsaw-Man-esperavam-o-retorno-de-uma.jpg\",\"width\":1920,\"height\":1080},{\"@type\":\"BreadcrumbList\",\"@id\":\"https:\/\/animangeek.com\/os-fas-do-chainsaw-man-esperavam-o-retorno-de-uma-waifu\/#breadcrumb\",\"itemListElement\":[{\"@type\":\"ListItem\",\"position\":1,\"name\":\"Home\",\"item\":\"https:\/\/animangeek.com\/\"},{\"@type\":\"ListItem\",\"position\":2,\"name\":\"Os f\u00e3s do Chainsaw Man esperavam o retorno de uma waifu\"}]},{\"@type\":\"WebSite\",\"@id\":\"https:\/\/animangeek.com\/#website\",\"url\":\"https:\/\/animangeek.com\/\",\"name\":\"Animan Geek\",\"description\":\"\",\"potentialAction\":[{\"@type\":\"SearchAction\",\"target\":{\"@type\":\"EntryPoint\",\"urlTemplate\":\"https:\/\/animangeek.com\/?s={search_term_string}\"},\"query-input\":\"required name=search_term_string\"}],\"inLanguage\":\"es\"}]}<\/script>\n<!-- \/ Yoast SEO plugin. -->","yoast_head_json":{"title":"Os f\u00e3s do Chainsaw Man esperavam o retorno de uma waifu - Animan Geek","robots":{"index":"index","follow":"follow","max-snippet":"max-snippet:-1","max-image-preview":"max-image-preview:large","max-video-preview":"max-video-preview:-1"},"canonical":"https:\/\/animangeek.com\/es_es\/os-fas-do-chainsaw-man-esperavam-o-retorno-de-uma-waifu\/","og_locale":"es_ES","og_type":"article","og_title":"Os f\u00e3s do Chainsaw Man esperavam o retorno de uma waifu - Animan Geek","og_description":"Este artigo inclui spoilers do mang\u00e1 \u201cChainsaw Man\u201d. A discri\u00e7\u00e3o do leitor \u00e9 aconselhada. \u201cHomem motosserra\u201c, de Tatsuki Fujimoto, passou da a\u00e7\u00e3o otimista do arco do Centro de Deten\u00e7\u00e3o de Dem\u00f4nios de T\u00f3quio para uma a\u00e7\u00e3o mais emocional ap\u00f3s o despertar de Denji. Enquanto Denji luta para aceitar o novo mundo para o qual acordou&hellip; Continue reading Os f\u00e3s do Chainsaw Man esperavam o retorno de uma waifu","og_url":"https:\/\/animangeek.com\/es_es\/os-fas-do-chainsaw-man-esperavam-o-retorno-de-uma-waifu\/","og_site_name":"Animan Geek","article_published_time":"2024-05-23T23:24:46+00:00","og_image":[{"width":1920,"height":1080,"url":"https:\/\/animangeek.com\/wp-content\/uploads\/sites\/106\/2024\/05\/Os-fas-do-Chainsaw-Man-esperavam-o-retorno-de-uma.jpg","type":"image\/jpeg"}],"twitter_card":"summary_large_image","twitter_misc":{"Est. reading time":"5 minutos"},"schema":{"@context":"https:\/\/schema.org","@graph":[{"@type":"WebPage","@id":"https:\/\/animangeek.com\/os-fas-do-chainsaw-man-esperavam-o-retorno-de-uma-waifu\/","url":"https:\/\/animangeek.com\/os-fas-do-chainsaw-man-esperavam-o-retorno-de-uma-waifu\/","name":"Os f\u00e3s do Chainsaw Man esperavam o retorno de uma waifu - Animan Geek","isPartOf":{"@id":"https:\/\/animangeek.com\/#website"},"primaryImageOfPage":{"@id":"https:\/\/animangeek.com\/os-fas-do-chainsaw-man-esperavam-o-retorno-de-uma-waifu\/#primaryimage"},"image":{"@id":"https:\/\/animangeek.com\/os-fas-do-chainsaw-man-esperavam-o-retorno-de-uma-waifu\/#primaryimage"},"thumbnailUrl":"https:\/\/animangeek.com\/wp-content\/uploads\/sites\/106\/2024\/05\/Os-fas-do-Chainsaw-Man-esperavam-o-retorno-de-uma.jpg","datePublished":"2024-05-23T23:24:46+00:00","dateModified":"2024-05-23T23:24:46+00:00","author":{"@id":""},"breadcrumb":{"@id":"https:\/\/animangeek.com\/os-fas-do-chainsaw-man-esperavam-o-retorno-de-uma-waifu\/#breadcrumb"},"inLanguage":"es","potentialAction":[{"@type":"ReadAction","target":["https:\/\/animangeek.com\/os-fas-do-chainsaw-man-esperavam-o-retorno-de-uma-waifu\/"]}]},{"@type":"ImageObject","inLanguage":"es","@id":"https:\/\/animangeek.com\/os-fas-do-chainsaw-man-esperavam-o-retorno-de-uma-waifu\/#primaryimage","url":"https:\/\/animangeek.com\/wp-content\/uploads\/sites\/106\/2024\/05\/Os-fas-do-Chainsaw-Man-esperavam-o-retorno-de-uma.jpg","contentUrl":"https:\/\/animangeek.com\/wp-content\/uploads\/sites\/106\/2024\/05\/Os-fas-do-Chainsaw-Man-esperavam-o-retorno-de-uma.jpg","width":1920,"height":1080},{"@type":"BreadcrumbList","@id":"https:\/\/animangeek.com\/os-fas-do-chainsaw-man-esperavam-o-retorno-de-uma-waifu\/#breadcrumb","itemListElement":[{"@type":"ListItem","position":1,"name":"Home","item":"https:\/\/animangeek.com\/"},{"@type":"ListItem","position":2,"name":"Os f\u00e3s do Chainsaw Man esperavam o retorno de uma waifu"}]},{"@type":"WebSite","@id":"https:\/\/animangeek.com\/#website","url":"https:\/\/animangeek.com\/","name":"Animan Geek","description":"","potentialAction":[{"@type":"SearchAction","target":{"@type":"EntryPoint","urlTemplate":"https:\/\/animangeek.com\/?s={search_term_string}"},"query-input":"required name=search_term_string"}],"inLanguage":"es"}]}},"_links":{"self":[{"href":"https:\/\/animangeek.com\/es_es\/wp-json\/wp\/v2\/posts\/12064"}],"collection":[{"href":"https:\/\/animangeek.com\/es_es\/wp-json\/wp\/v2\/posts"}],"about":[{"href":"https:\/\/animangeek.com\/es_es\/wp-json\/wp\/v2\/types\/post"}],"replies":[{"embeddable":true,"href":"https:\/\/animangeek.com\/es_es\/wp-json\/wp\/v2\/comments?post=12064"}],"version-history":[{"count":0,"href":"https:\/\/animangeek.com\/es_es\/wp-json\/wp\/v2\/posts\/12064\/revisions"}],"wp:featuredmedia":[{"embeddable":true,"href":"https:\/\/animangeek.com\/es_es\/wp-json\/wp\/v2\/media\/12065"}],"wp:attachment":[{"href":"https:\/\/animangeek.com\/es_es\/wp-json\/wp\/v2\/media?parent=12064"}],"wp:term":[{"taxonomy":"category","embeddable":true,"href":"https:\/\/animangeek.com\/es_es\/wp-json\/wp\/v2\/categories?post=12064"},{"taxonomy":"post_tag","embeddable":true,"href":"https:\/\/animangeek.com\/es_es\/wp-json\/wp\/v2\/tags?post=12064"}],"curies":[{"name":"wp","href":"https:\/\/api.w.org\/{rel}","templated":true}]}}