{"id":12716,"date":"2024-06-03T13:29:51","date_gmt":"2024-06-03T16:29:51","guid":{"rendered":"https:\/\/animangeek.com\/my-hero-academia-anuncia-epilogo-apos-a-batalha-final\/"},"modified":"2024-06-03T13:29:51","modified_gmt":"2024-06-03T16:29:51","slug":"my-hero-academia-anuncia-epilogo-apos-a-batalha-final","status":"publish","type":"post","link":"https:\/\/animangeek.com\/es_es\/my-hero-academia-anuncia-epilogo-apos-a-batalha-final\/","title":{"rendered":"My Hero Academia anuncia ep\u00edlogo tras la batalla final"},"content":{"rendered":"<div class=\"mx-5 sm:mx-0 prose text-left mb-5\"><\/p>\n<div>\n<p>Cap\u00edtulo 424<em> Mi academia de h\u00e9roe<\/em> La historia de Deku y compa\u00f1\u00eda finalmente ha llegado a su fin. Sin embargo, parece que la historia de los h\u00e9roes a\u00fan est\u00e1 lejos de terminar. El mangaka Kohei Horikoshi ha anunciado un ep\u00edlogo que nos ofrece m\u00e1s informaci\u00f3n sobre el mundo de Midoriya.<\/p>\n<p>El \u00faltimo cap\u00edtulo nos mostr\u00f3 la ciudad en ruinas y a todos los h\u00e9roes convalecientes en el hospital. Adem\u00e1s, se destac\u00f3 la situaci\u00f3n de Bakugo y Midoriya. Ambos tendr\u00e1n que competir de maneras muy diferentes ahora que sus dones est\u00e1n a punto de agotarse.<\/p>\n<figure class=\"wp-block-embed is-type-video is-provider-youtube wp-block-embed-youtube\"\/>\n<p>METRO<em>y Hero Academia<\/em> Nos mostr\u00f3 a un Deku abatido que estaba pensando en Shigaraki, c\u00f3mo no pudo salvar su vida en la batalla final, pero All Might le dijo que<strong> Lo importante es que permiti\u00f3 que el villano no se fuera con una expresi\u00f3n de dolor.<\/strong> Sin embargo, el joven h\u00e9roe todav\u00eda piensa en ello, cuando Bakugo aparece en la habitaci\u00f3n, los dos hablan de como tienen un nuevo camino a seguir, ya que sus dones los est\u00e1n abandonando.<\/p>\n<p>Bakugo se entristece al pensar en el nuevo tipo de relaci\u00f3n que podr\u00eda tener con su amigo, quien anteriormente hab\u00eda sido de gran rivalidad. Despu\u00e9s de esto, tanto \u00e9l como Deku piensan que la nueva estrategia... <strong>Es la reconstrucci\u00f3n de la ciudad, como prueba de que a\u00fan nos espera un futuro brillante. <\/strong><\/p>\n<p>Despu\u00e9s, vemos a nuestros h\u00e9roes contemplando el horizonte mientras reflexionan sobre sus batallas finales. Y justo en la \u00faltima p\u00e1gina, se anuncia el ep\u00edlogo; al parecer, ahora podemos saber c\u00f3mo comenzar\u00e1 este nuevo cap\u00edtulo para nuestros personajes favoritos.<\/p>\n<figure class=\"wp-block-image size-large is-resized\"><img decoding=\"async\" src=\"https:\/\/animangeek.com\/wp-content\/uploads\/2024\/06\/My-Hero-Academia-anuncia-epilogo-apos-a-batalha-final.webp.webp\" alt=\"O cap\u00edtulo 424 encerrou a hist\u00f3ria de My Hero Academia, mas ainda veremos um pouco mais do mundo dos her\u00f3is. \" class=\"lazyload wp-image-625135\" style=\"width:892px;height:auto\"\/><figcaption class=\"wp-element-caption\">Fuente: Shu\u0113isha<\/figcaption><\/figure>\n<figure class=\"wp-block-image size-large\"><img decoding=\"async\" src=\"https:\/\/animangeek.com\/wp-content\/uploads\/2024\/06\/1717432191_455_My-Hero-Academia-anuncia-epilogo-apos-a-batalha-final.webp.webp\" alt=\"O cap\u00edtulo 424 encerrou a hist\u00f3ria de My Hero Academia, mas ainda veremos um pouco mais do mundo dos her\u00f3is. \" class=\"lazyload wp-image-625136\"\/><figcaption class=\"wp-element-caption\">Fuente: Shu\u0113isha<\/figcaption><\/figure>\n<h2 class=\"wp-block-heading\">\u00bfDonde puedo ver My Hero Academia?<\/h2>\n<p><strong>Actualmente, la s\u00e9ptima temporada de<em> Mi academia de h\u00e9roe<\/em> se est\u00e1 transmitiendo actualmente y esta, junto con las entregas anteriores, est\u00e1n disponibles en la plataforma Crunchyroll. <\/strong><\/p>\n<p>A continuaci\u00f3n se muestra la sinopsis oficial que describe la historia:<\/p>\n<p class=\"has-text-align-center\"><em>\u201cEn un mundo donde la mayor\u00eda de las personas nacen con un don, una habilidad extraordinaria que es diferente para cada persona, no pasa mucho tiempo hasta que aparecen tanto villanos como h\u00e9roes dispuestos a detenerlos\u201d.<\/em><\/p>\n<p>Sin embargo, Deku, el protagonista, carece de un don, por lo que tendr\u00e1 un gran camino de fortalecimiento para convertirse en el h\u00e9roe que pueda salvarlos a todos.<\/p>\n<figure class=\"wp-block-embed is-type-video is-provider-youtube wp-block-embed-youtube\"\/><\/div>\n<p><script async defer crossorigin=\"anonymous\" src=\"https:\/\/connect.facebook.net\/es_ES\/sdk.js#xfbml=1&amp;version=v12.0&amp;autoLogAppEvents=1\"><\/script><br \/>\n<\/div>","protected":false},"excerpt":{"rendered":"<p>Cap\u00edtulo 424: My Hero Academia. La historia de Deku y compa\u00f1\u00eda finalmente ha concluido. Sin embargo, parece que la historia de los h\u00e9roes a\u00fan est\u00e1 lejos de terminar. El mangaka Kohei Horikoshi ha anunciado un ep\u00edlogo que nos brinda m\u00e1s informaci\u00f3n sobre el mundo de Midoriya. El \u00faltimo cap\u00edtulo nos mostr\u00f3 la ciudad en ruinas y a todos... <a class=\"more-link\" href=\"https:\/\/animangeek.com\/es_es\/my-hero-academia-anuncia-epilogo-apos-a-batalha-final\/\">Sigue leyendo <span class=\"screen-reader-text\">My Hero Academia anuncia ep\u00edlogo tras la batalla final<\/span><\/a><\/p>","protected":false},"author":0,"featured_media":12717,"comment_status":"open","ping_status":"open","sticky":false,"template":"","format":"standard","meta":{"footnotes":""},"categories":[3],"tags":[],"yoast_head":"<!-- This site is optimized with the Yoast SEO plugin v23.3 - https:\/\/yoast.com\/wordpress\/plugins\/seo\/ -->\n<title>My Hero Academia anuncia ep\u00edlogo ap\u00f3s a batalha final - Animan Geek<\/title>\n<meta name=\"robots\" content=\"index, follow, max-snippet:-1, max-image-preview:large, max-video-preview:-1\" \/>\n<link rel=\"canonical\" href=\"https:\/\/animangeek.com\/es_es\/my-hero-academia-anuncia-epilogo-apos-a-batalha-final\/\" \/>\n<meta property=\"og:locale\" content=\"es_ES\" \/>\n<meta property=\"og:type\" content=\"article\" \/>\n<meta property=\"og:title\" content=\"My Hero Academia anuncia ep\u00edlogo ap\u00f3s a batalha final - Animan Geek\" \/>\n<meta property=\"og:description\" content=\"Cap\u00edtulo 424 Academia do meu her\u00f3i A hist\u00f3ria de Deku e companhia finalmente terminou. Por\u00e9m, parece que ainda estamos longe do fim da hist\u00f3ria dos her\u00f3is. O mangak\u00e1 Kohei Horikoshi informou que far\u00e1 um ep\u00edlogo, assim teremos mais material do mundo de Midoriya. No \u00faltimo cap\u00edtulo nos foi mostrada a cidade em ru\u00ednas e todos&hellip; Continue reading My Hero Academia anuncia ep\u00edlogo ap\u00f3s a batalha final\" \/>\n<meta property=\"og:url\" content=\"https:\/\/animangeek.com\/es_es\/my-hero-academia-anuncia-epilogo-apos-a-batalha-final\/\" \/>\n<meta property=\"og:site_name\" content=\"Animan Geek\" \/>\n<meta property=\"article:published_time\" content=\"2024-06-03T16:29:51+00:00\" \/>\n<meta property=\"og:image\" content=\"https:\/\/animangeek.com\/wp-content\/uploads\/sites\/106\/2024\/06\/1717432192_My-Hero-Academia-anuncia-epilogo-apos-a-batalha-final.webp.webp\" \/>\n\t<meta property=\"og:image:width\" content=\"1280\" \/>\n\t<meta property=\"og:image:height\" content=\"720\" \/>\n\t<meta property=\"og:image:type\" content=\"image\/webp\" \/>\n<meta name=\"twitter:card\" content=\"summary_large_image\" \/>\n<meta name=\"twitter:label1\" content=\"Est. reading time\" \/>\n\t<meta name=\"twitter:data1\" content=\"2 minutos\" \/>\n<script type=\"application\/ld+json\" class=\"yoast-schema-graph\">{\"@context\":\"https:\/\/schema.org\",\"@graph\":[{\"@type\":\"WebPage\",\"@id\":\"https:\/\/animangeek.com\/my-hero-academia-anuncia-epilogo-apos-a-batalha-final\/\",\"url\":\"https:\/\/animangeek.com\/my-hero-academia-anuncia-epilogo-apos-a-batalha-final\/\",\"name\":\"My Hero Academia anuncia ep\u00edlogo ap\u00f3s a batalha final - Animan Geek\",\"isPartOf\":{\"@id\":\"https:\/\/animangeek.com\/#website\"},\"primaryImageOfPage\":{\"@id\":\"https:\/\/animangeek.com\/my-hero-academia-anuncia-epilogo-apos-a-batalha-final\/#primaryimage\"},\"image\":{\"@id\":\"https:\/\/animangeek.com\/my-hero-academia-anuncia-epilogo-apos-a-batalha-final\/#primaryimage\"},\"thumbnailUrl\":\"https:\/\/animangeek.com\/wp-content\/uploads\/sites\/106\/2024\/06\/1717432192_My-Hero-Academia-anuncia-epilogo-apos-a-batalha-final.webp.webp\",\"datePublished\":\"2024-06-03T16:29:51+00:00\",\"dateModified\":\"2024-06-03T16:29:51+00:00\",\"author\":{\"@id\":\"\"},\"breadcrumb\":{\"@id\":\"https:\/\/animangeek.com\/my-hero-academia-anuncia-epilogo-apos-a-batalha-final\/#breadcrumb\"},\"inLanguage\":\"es\",\"potentialAction\":[{\"@type\":\"ReadAction\",\"target\":[\"https:\/\/animangeek.com\/my-hero-academia-anuncia-epilogo-apos-a-batalha-final\/\"]}]},{\"@type\":\"ImageObject\",\"inLanguage\":\"es\",\"@id\":\"https:\/\/animangeek.com\/my-hero-academia-anuncia-epilogo-apos-a-batalha-final\/#primaryimage\",\"url\":\"https:\/\/animangeek.com\/wp-content\/uploads\/sites\/106\/2024\/06\/1717432192_My-Hero-Academia-anuncia-epilogo-apos-a-batalha-final.webp.webp\",\"contentUrl\":\"https:\/\/animangeek.com\/wp-content\/uploads\/sites\/106\/2024\/06\/1717432192_My-Hero-Academia-anuncia-epilogo-apos-a-batalha-final.webp.webp\",\"width\":1280,\"height\":720},{\"@type\":\"BreadcrumbList\",\"@id\":\"https:\/\/animangeek.com\/my-hero-academia-anuncia-epilogo-apos-a-batalha-final\/#breadcrumb\",\"itemListElement\":[{\"@type\":\"ListItem\",\"position\":1,\"name\":\"Home\",\"item\":\"https:\/\/animangeek.com\/\"},{\"@type\":\"ListItem\",\"position\":2,\"name\":\"My Hero Academia anuncia ep\u00edlogo ap\u00f3s a batalha final\"}]},{\"@type\":\"WebSite\",\"@id\":\"https:\/\/animangeek.com\/#website\",\"url\":\"https:\/\/animangeek.com\/\",\"name\":\"Animan Geek\",\"description\":\"\",\"potentialAction\":[{\"@type\":\"SearchAction\",\"target\":{\"@type\":\"EntryPoint\",\"urlTemplate\":\"https:\/\/animangeek.com\/?s={search_term_string}\"},\"query-input\":\"required name=search_term_string\"}],\"inLanguage\":\"es\"}]}<\/script>\n<!-- \/ Yoast SEO plugin. -->","yoast_head_json":{"title":"My Hero Academia anuncia ep\u00edlogo ap\u00f3s a batalha final - Animan Geek","robots":{"index":"index","follow":"follow","max-snippet":"max-snippet:-1","max-image-preview":"max-image-preview:large","max-video-preview":"max-video-preview:-1"},"canonical":"https:\/\/animangeek.com\/es_es\/my-hero-academia-anuncia-epilogo-apos-a-batalha-final\/","og_locale":"es_ES","og_type":"article","og_title":"My Hero Academia anuncia ep\u00edlogo ap\u00f3s a batalha final - Animan Geek","og_description":"Cap\u00edtulo 424 Academia do meu her\u00f3i A hist\u00f3ria de Deku e companhia finalmente terminou. Por\u00e9m, parece que ainda estamos longe do fim da hist\u00f3ria dos her\u00f3is. O mangak\u00e1 Kohei Horikoshi informou que far\u00e1 um ep\u00edlogo, assim teremos mais material do mundo de Midoriya. No \u00faltimo cap\u00edtulo nos foi mostrada a cidade em ru\u00ednas e todos&hellip; Continue reading My Hero Academia anuncia ep\u00edlogo ap\u00f3s a batalha final","og_url":"https:\/\/animangeek.com\/es_es\/my-hero-academia-anuncia-epilogo-apos-a-batalha-final\/","og_site_name":"Animan Geek","article_published_time":"2024-06-03T16:29:51+00:00","og_image":[{"width":1280,"height":720,"url":"https:\/\/animangeek.com\/wp-content\/uploads\/sites\/106\/2024\/06\/1717432192_My-Hero-Academia-anuncia-epilogo-apos-a-batalha-final.webp.webp","type":"image\/webp"}],"twitter_card":"summary_large_image","twitter_misc":{"Est. reading time":"2 minutos"},"schema":{"@context":"https:\/\/schema.org","@graph":[{"@type":"WebPage","@id":"https:\/\/animangeek.com\/my-hero-academia-anuncia-epilogo-apos-a-batalha-final\/","url":"https:\/\/animangeek.com\/my-hero-academia-anuncia-epilogo-apos-a-batalha-final\/","name":"My Hero Academia anuncia ep\u00edlogo ap\u00f3s a batalha final - Animan Geek","isPartOf":{"@id":"https:\/\/animangeek.com\/#website"},"primaryImageOfPage":{"@id":"https:\/\/animangeek.com\/my-hero-academia-anuncia-epilogo-apos-a-batalha-final\/#primaryimage"},"image":{"@id":"https:\/\/animangeek.com\/my-hero-academia-anuncia-epilogo-apos-a-batalha-final\/#primaryimage"},"thumbnailUrl":"https:\/\/animangeek.com\/wp-content\/uploads\/sites\/106\/2024\/06\/1717432192_My-Hero-Academia-anuncia-epilogo-apos-a-batalha-final.webp.webp","datePublished":"2024-06-03T16:29:51+00:00","dateModified":"2024-06-03T16:29:51+00:00","author":{"@id":""},"breadcrumb":{"@id":"https:\/\/animangeek.com\/my-hero-academia-anuncia-epilogo-apos-a-batalha-final\/#breadcrumb"},"inLanguage":"es","potentialAction":[{"@type":"ReadAction","target":["https:\/\/animangeek.com\/my-hero-academia-anuncia-epilogo-apos-a-batalha-final\/"]}]},{"@type":"ImageObject","inLanguage":"es","@id":"https:\/\/animangeek.com\/my-hero-academia-anuncia-epilogo-apos-a-batalha-final\/#primaryimage","url":"https:\/\/animangeek.com\/wp-content\/uploads\/sites\/106\/2024\/06\/1717432192_My-Hero-Academia-anuncia-epilogo-apos-a-batalha-final.webp.webp","contentUrl":"https:\/\/animangeek.com\/wp-content\/uploads\/sites\/106\/2024\/06\/1717432192_My-Hero-Academia-anuncia-epilogo-apos-a-batalha-final.webp.webp","width":1280,"height":720},{"@type":"BreadcrumbList","@id":"https:\/\/animangeek.com\/my-hero-academia-anuncia-epilogo-apos-a-batalha-final\/#breadcrumb","itemListElement":[{"@type":"ListItem","position":1,"name":"Home","item":"https:\/\/animangeek.com\/"},{"@type":"ListItem","position":2,"name":"My Hero Academia anuncia ep\u00edlogo ap\u00f3s a batalha final"}]},{"@type":"WebSite","@id":"https:\/\/animangeek.com\/#website","url":"https:\/\/animangeek.com\/","name":"Animan Geek","description":"","potentialAction":[{"@type":"SearchAction","target":{"@type":"EntryPoint","urlTemplate":"https:\/\/animangeek.com\/?s={search_term_string}"},"query-input":"required name=search_term_string"}],"inLanguage":"es"}]}},"_links":{"self":[{"href":"https:\/\/animangeek.com\/es_es\/wp-json\/wp\/v2\/posts\/12716"}],"collection":[{"href":"https:\/\/animangeek.com\/es_es\/wp-json\/wp\/v2\/posts"}],"about":[{"href":"https:\/\/animangeek.com\/es_es\/wp-json\/wp\/v2\/types\/post"}],"replies":[{"embeddable":true,"href":"https:\/\/animangeek.com\/es_es\/wp-json\/wp\/v2\/comments?post=12716"}],"version-history":[{"count":0,"href":"https:\/\/animangeek.com\/es_es\/wp-json\/wp\/v2\/posts\/12716\/revisions"}],"wp:featuredmedia":[{"embeddable":true,"href":"https:\/\/animangeek.com\/es_es\/wp-json\/wp\/v2\/media\/12717"}],"wp:attachment":[{"href":"https:\/\/animangeek.com\/es_es\/wp-json\/wp\/v2\/media?parent=12716"}],"wp:term":[{"taxonomy":"category","embeddable":true,"href":"https:\/\/animangeek.com\/es_es\/wp-json\/wp\/v2\/categories?post=12716"},{"taxonomy":"post_tag","embeddable":true,"href":"https:\/\/animangeek.com\/es_es\/wp-json\/wp\/v2\/tags?post=12716"}],"curies":[{"name":"wp","href":"https:\/\/api.w.org\/{rel}","templated":true}]}}