{"id":13172,"date":"2024-06-13T13:27:35","date_gmt":"2024-06-13T16:27:35","guid":{"rendered":"https:\/\/animangeek.com\/trem-para-o-fim-do-mundo-e-suspenso-por-problemas\/"},"modified":"2024-06-13T13:27:35","modified_gmt":"2024-06-13T16:27:35","slug":"trem-para-o-fim-do-mundo-e-suspenso-por-problemas","status":"publish","type":"post","link":"https:\/\/animangeek.com\/es_es\/trem-para-o-fim-do-mundo-e-suspenso-por-problemas\/","title":{"rendered":"Tren al Fin del Mundo suspendido por problemas"},"content":{"rendered":"<div class=\"mx-5 sm:mx-0 prose text-left mb-5\"><\/p>\n<div>\n<p>En el sitio web oficial del anime original del director de \u201c<strong>Chicas y Panzer<\/strong>&quot; y &quot;<strong>Shirobako<\/strong>\u201c,\u201c<strong>Tren hasta el fin del mundo<\/strong> (<em>\u00bfShuumatsu entrena a Doko e Iku?<\/em>)\u201d, se inform\u00f3 que el episodio final se retrasar\u00e1 una semana debido a problemas de producci\u00f3n. <strong>En consecuencia, el episodio 12, que estaba previsto emitirse el 17 de junio, ahora se emitir\u00e1 hasta el 24 de junio.<\/strong><\/p>\n<p><strong>Vale la pena recordar que el director Tsutomu Mizushima inform\u00f3 desde el inicio de la transmisi\u00f3n, en abril de 2024, que la producci\u00f3n ya ven\u00eda experimentando problemas desde entonces.<\/strong> Seg\u00fan el informe, cuando comenz\u00f3 la transmisi\u00f3n ni siquiera hab\u00edan producido el cuarto episodio, que ya predec\u00eda crisis futuras.<\/p>\n<div class=\"wp-block-image\">\n<figure class=\"aligncenter size-full\"><img loading=\"lazy\" decoding=\"async\" width=\"1879\" height=\"2560\" src=\"https:\/\/animangeek.com\/wp-content\/uploads\/2024\/06\/Trem-para-o-Fim-do-Mundo-e-suspenso-por-problemas.jpg\" alt=\"Treine at\u00e9 o fim do mundo\" class=\"wp-image-331340\"  \/><\/figure>\n<\/div>\n<p><strong>Este proyecto fue anunciado en conmemoraci\u00f3n del aniversario del \u201cD\u00eda del Ferrocarril (\u9244\u9053\u306e\u65e5)\u201d, que conmemora la fecha de 1872 en la que Shimbashi se conect\u00f3 con Yokohama por ferrocarril. <\/strong>El Festival del Ferrocarril tiene como objetivo crear conciencia sobre la seguridad ferroviaria, pero m\u00e1s ampliamente, sirve como un evento donde adultos y ni\u00f1os pueden aprender m\u00e1s sobre los trenes y la red ferroviaria.<\/p>\n<h3 class=\"wp-block-heading\"><strong>Equipo de producci\u00f3n<\/strong><\/h3>\n<ul>\n<li><strong>Tsutomu Mizushima<\/strong> (<em>Shirobako<\/em>, <em>Obras de brujer\u00eda<\/em>, <em>Chicas y Panzer<\/em>) se encarga de dirigir el anime en los estudios <strong>EMT al cuadrado<\/strong>.<\/li>\n<li><strong>Michiko Yokote<\/strong> (<em>naruto<\/em>, <em>Lej\u00eda<\/em>, <em>Cowboy Bebop<\/em>) es responsable de escribir y supervisar los guiones.<\/li>\n<li><strong>Asako Nishida<\/strong> (<em>Houseki no Kuni<\/em>, <em>\u00a1Me encanta vivir!<\/em>, <em>Denpa Onna para Seishun Otoko<\/em>) es responsable del dise\u00f1o de personajes y la direcci\u00f3n de animaci\u00f3n.<\/li>\n<li><strong>Miho Tsujibayashi<\/strong> (<em>Isekai Shokudou<\/em>, <em>machikado mazoku<\/em>) es responsable de componer la banda sonora.<\/li>\n<\/ul>\n<p><iframe loading=\"lazy\" title=\"\u30aa\u30ea\u30b8\u30ca\u30ebTV\u30a2\u30cb\u30e1\u30fc\u30b7\u30e7\u30f3\u300e\u7d42\u672b\u30c8\u30ec\u30a4\u30f3\u3069\u3053\u3078\u3044\u304f\uff1f\u300fPV\u7b2c\uff13\u5f3e\u30102024\u5e744\u67081\u65e5\u653e\u9001\u958b\u59cb\uff01\u3011\" width=\"500\" height=\"281\" src=\"https:\/\/www.youtube.com\/embed\/WP1HMeFxJoM?feature=oembed\" frameborder=\"0\" allow=\"accelerometer; autoplay; clipboard-write; encrypted-media; gyroscope; picture-in-picture; web-share\" referrerpolicy=\"strict-origin-when-cross-origin\" allowfullscreen><\/iframe><\/p>\n<h3 class=\"wp-block-heading\"><strong>Sinopsis de Tren al fin del mundo<\/strong><\/h3>\n<p><em>Un pueblo a las afueras. No era un pueblo cualquiera. Los residentes experimentaban un fen\u00f3meno extra\u00f1o. Aun as\u00ed, Shizuru Chikura sent\u00eda un fuerte deseo. Quer\u00eda volver a ver a sus amigos desaparecidos. Shizuru y sus amigos se aventuran al mundo exterior, subiendo a un tren abandonado y averiado, sin saber si regresar\u00e1n con vida. \u00bfQu\u00e9 les espera en la \u00faltima parada de este tren del fin del mundo en movimiento?<\/em><\/p>\n<p>Fuente: <strong><a rel=\"nofollow noopener\" target=\"_blank\" href=\"https:\/\/x.com\/shumatsu_train\/status\/1801177817998356980\">Cuenta oficial de Twitter<\/a><\/strong><\/p>\n<p>\u00a9\u5e73\u5742\u8aad\uff0f\u5c0f\u5b66\u9928\uff0f\u300c\u5909\u4eba\u306e\u30b5\u30e9\u30c0\u30dc\u30a6\u30eb\u300d\u88fd\u4f5c\u59d4\u54e1\u4f1a<\/p>\n<\/div>\n<p><\/div>","protected":false},"excerpt":{"rendered":"<p>El sitio web oficial de la serie de anime original &quot;Tren al Fin del Mundo (\u00bfShuumatsu Entrena a Doko e Iku?)&quot;, del director de &quot;Girls and Panzer&quot; y &quot;Shirobako&quot;, inform\u00f3 que el episodio final se retrasar\u00e1 una semana debido a problemas de producci\u00f3n. Por consiguiente, el episodio 12, programado para el 17 de junio, se emitir\u00e1 ahora... <a class=\"more-link\" href=\"https:\/\/animangeek.com\/es_es\/trem-para-o-fim-do-mundo-e-suspenso-por-problemas\/\">Sigue leyendo <span class=\"screen-reader-text\">Tren al Fin del Mundo suspendido por problemas<\/span><\/a><\/p>","protected":false},"author":0,"featured_media":13174,"comment_status":"open","ping_status":"open","sticky":false,"template":"","format":"standard","meta":{"footnotes":""},"categories":[3],"tags":[489,1452,1631],"yoast_head":"<!-- This site is optimized with the Yoast SEO plugin v23.3 - https:\/\/yoast.com\/wordpress\/plugins\/seo\/ -->\n<title>Trem para o Fim do Mundo \u00e9 suspenso por problemas - Animan Geek<\/title>\n<meta name=\"robots\" content=\"index, follow, max-snippet:-1, max-image-preview:large, max-video-preview:-1\" \/>\n<link rel=\"canonical\" href=\"https:\/\/animangeek.com\/es_es\/trem-para-o-fim-do-mundo-e-suspenso-por-problemas\/\" \/>\n<meta property=\"og:locale\" content=\"es_ES\" \/>\n<meta property=\"og:type\" content=\"article\" \/>\n<meta property=\"og:title\" content=\"Trem para o Fim do Mundo \u00e9 suspenso por problemas - Animan Geek\" \/>\n<meta property=\"og:description\" content=\"No site oficial do anime original do diretor de \u201cMeninas e Panzer&#8221; e &#8220;Shirobako\u201c,\u201cTreine at\u00e9 o fim do mundo (Shuumatsu treina Doko e Iku?)\u201d, foi relatado que o epis\u00f3dio final ser\u00e1 adiado por uma semana devido a problemas de produ\u00e7\u00e3o. Consequentemente, o epis\u00f3dio 12, que seria transmitido no dia 17 de junho, agora ser\u00e1 transmitido&hellip; Continue reading Trem para o Fim do Mundo \u00e9 suspenso por problemas\" \/>\n<meta property=\"og:url\" content=\"https:\/\/animangeek.com\/es_es\/trem-para-o-fim-do-mundo-e-suspenso-por-problemas\/\" \/>\n<meta property=\"og:site_name\" content=\"Animan Geek\" \/>\n<meta property=\"article:published_time\" content=\"2024-06-13T16:27:35+00:00\" \/>\n<meta property=\"og:image\" content=\"https:\/\/animangeek.com\/wp-content\/uploads\/sites\/106\/2024\/06\/1718296056_Trem-para-o-Fim-do-Mundo-e-suspenso-por-problemas.jpg\" \/>\n\t<meta property=\"og:image:width\" content=\"1920\" \/>\n\t<meta property=\"og:image:height\" content=\"1080\" \/>\n\t<meta property=\"og:image:type\" content=\"image\/jpeg\" \/>\n<meta name=\"twitter:card\" content=\"summary_large_image\" \/>\n<meta name=\"twitter:label1\" content=\"Est. reading time\" \/>\n\t<meta name=\"twitter:data1\" content=\"2 minutos\" \/>\n<script type=\"application\/ld+json\" class=\"yoast-schema-graph\">{\"@context\":\"https:\/\/schema.org\",\"@graph\":[{\"@type\":\"WebPage\",\"@id\":\"https:\/\/animangeek.com\/trem-para-o-fim-do-mundo-e-suspenso-por-problemas\/\",\"url\":\"https:\/\/animangeek.com\/trem-para-o-fim-do-mundo-e-suspenso-por-problemas\/\",\"name\":\"Trem para o Fim do Mundo \u00e9 suspenso por problemas - Animan Geek\",\"isPartOf\":{\"@id\":\"https:\/\/animangeek.com\/#website\"},\"primaryImageOfPage\":{\"@id\":\"https:\/\/animangeek.com\/trem-para-o-fim-do-mundo-e-suspenso-por-problemas\/#primaryimage\"},\"image\":{\"@id\":\"https:\/\/animangeek.com\/trem-para-o-fim-do-mundo-e-suspenso-por-problemas\/#primaryimage\"},\"thumbnailUrl\":\"https:\/\/animangeek.com\/wp-content\/uploads\/sites\/106\/2024\/06\/1718296056_Trem-para-o-Fim-do-Mundo-e-suspenso-por-problemas.jpg\",\"datePublished\":\"2024-06-13T16:27:35+00:00\",\"dateModified\":\"2024-06-13T16:27:35+00:00\",\"author\":{\"@id\":\"\"},\"breadcrumb\":{\"@id\":\"https:\/\/animangeek.com\/trem-para-o-fim-do-mundo-e-suspenso-por-problemas\/#breadcrumb\"},\"inLanguage\":\"es\",\"potentialAction\":[{\"@type\":\"ReadAction\",\"target\":[\"https:\/\/animangeek.com\/trem-para-o-fim-do-mundo-e-suspenso-por-problemas\/\"]}]},{\"@type\":\"ImageObject\",\"inLanguage\":\"es\",\"@id\":\"https:\/\/animangeek.com\/trem-para-o-fim-do-mundo-e-suspenso-por-problemas\/#primaryimage\",\"url\":\"https:\/\/animangeek.com\/wp-content\/uploads\/sites\/106\/2024\/06\/1718296056_Trem-para-o-Fim-do-Mundo-e-suspenso-por-problemas.jpg\",\"contentUrl\":\"https:\/\/animangeek.com\/wp-content\/uploads\/sites\/106\/2024\/06\/1718296056_Trem-para-o-Fim-do-Mundo-e-suspenso-por-problemas.jpg\",\"width\":1920,\"height\":1080},{\"@type\":\"BreadcrumbList\",\"@id\":\"https:\/\/animangeek.com\/trem-para-o-fim-do-mundo-e-suspenso-por-problemas\/#breadcrumb\",\"itemListElement\":[{\"@type\":\"ListItem\",\"position\":1,\"name\":\"Home\",\"item\":\"https:\/\/animangeek.com\/\"},{\"@type\":\"ListItem\",\"position\":2,\"name\":\"Trem para o Fim do Mundo \u00e9 suspenso por problemas\"}]},{\"@type\":\"WebSite\",\"@id\":\"https:\/\/animangeek.com\/#website\",\"url\":\"https:\/\/animangeek.com\/\",\"name\":\"Animan Geek\",\"description\":\"\",\"potentialAction\":[{\"@type\":\"SearchAction\",\"target\":{\"@type\":\"EntryPoint\",\"urlTemplate\":\"https:\/\/animangeek.com\/?s={search_term_string}\"},\"query-input\":\"required name=search_term_string\"}],\"inLanguage\":\"es\"}]}<\/script>\n<!-- \/ Yoast SEO plugin. -->","yoast_head_json":{"title":"Trem para o Fim do Mundo \u00e9 suspenso por problemas - Animan Geek","robots":{"index":"index","follow":"follow","max-snippet":"max-snippet:-1","max-image-preview":"max-image-preview:large","max-video-preview":"max-video-preview:-1"},"canonical":"https:\/\/animangeek.com\/es_es\/trem-para-o-fim-do-mundo-e-suspenso-por-problemas\/","og_locale":"es_ES","og_type":"article","og_title":"Trem para o Fim do Mundo \u00e9 suspenso por problemas - Animan Geek","og_description":"No site oficial do anime original do diretor de \u201cMeninas e Panzer&#8221; e &#8220;Shirobako\u201c,\u201cTreine at\u00e9 o fim do mundo (Shuumatsu treina Doko e Iku?)\u201d, foi relatado que o epis\u00f3dio final ser\u00e1 adiado por uma semana devido a problemas de produ\u00e7\u00e3o. Consequentemente, o epis\u00f3dio 12, que seria transmitido no dia 17 de junho, agora ser\u00e1 transmitido&hellip; Continue reading Trem para o Fim do Mundo \u00e9 suspenso por problemas","og_url":"https:\/\/animangeek.com\/es_es\/trem-para-o-fim-do-mundo-e-suspenso-por-problemas\/","og_site_name":"Animan Geek","article_published_time":"2024-06-13T16:27:35+00:00","og_image":[{"width":1920,"height":1080,"url":"https:\/\/animangeek.com\/wp-content\/uploads\/sites\/106\/2024\/06\/1718296056_Trem-para-o-Fim-do-Mundo-e-suspenso-por-problemas.jpg","type":"image\/jpeg"}],"twitter_card":"summary_large_image","twitter_misc":{"Est. reading time":"2 minutos"},"schema":{"@context":"https:\/\/schema.org","@graph":[{"@type":"WebPage","@id":"https:\/\/animangeek.com\/trem-para-o-fim-do-mundo-e-suspenso-por-problemas\/","url":"https:\/\/animangeek.com\/trem-para-o-fim-do-mundo-e-suspenso-por-problemas\/","name":"Trem para o Fim do Mundo \u00e9 suspenso por problemas - Animan Geek","isPartOf":{"@id":"https:\/\/animangeek.com\/#website"},"primaryImageOfPage":{"@id":"https:\/\/animangeek.com\/trem-para-o-fim-do-mundo-e-suspenso-por-problemas\/#primaryimage"},"image":{"@id":"https:\/\/animangeek.com\/trem-para-o-fim-do-mundo-e-suspenso-por-problemas\/#primaryimage"},"thumbnailUrl":"https:\/\/animangeek.com\/wp-content\/uploads\/sites\/106\/2024\/06\/1718296056_Trem-para-o-Fim-do-Mundo-e-suspenso-por-problemas.jpg","datePublished":"2024-06-13T16:27:35+00:00","dateModified":"2024-06-13T16:27:35+00:00","author":{"@id":""},"breadcrumb":{"@id":"https:\/\/animangeek.com\/trem-para-o-fim-do-mundo-e-suspenso-por-problemas\/#breadcrumb"},"inLanguage":"es","potentialAction":[{"@type":"ReadAction","target":["https:\/\/animangeek.com\/trem-para-o-fim-do-mundo-e-suspenso-por-problemas\/"]}]},{"@type":"ImageObject","inLanguage":"es","@id":"https:\/\/animangeek.com\/trem-para-o-fim-do-mundo-e-suspenso-por-problemas\/#primaryimage","url":"https:\/\/animangeek.com\/wp-content\/uploads\/sites\/106\/2024\/06\/1718296056_Trem-para-o-Fim-do-Mundo-e-suspenso-por-problemas.jpg","contentUrl":"https:\/\/animangeek.com\/wp-content\/uploads\/sites\/106\/2024\/06\/1718296056_Trem-para-o-Fim-do-Mundo-e-suspenso-por-problemas.jpg","width":1920,"height":1080},{"@type":"BreadcrumbList","@id":"https:\/\/animangeek.com\/trem-para-o-fim-do-mundo-e-suspenso-por-problemas\/#breadcrumb","itemListElement":[{"@type":"ListItem","position":1,"name":"Home","item":"https:\/\/animangeek.com\/"},{"@type":"ListItem","position":2,"name":"Trem para o Fim do Mundo \u00e9 suspenso por problemas"}]},{"@type":"WebSite","@id":"https:\/\/animangeek.com\/#website","url":"https:\/\/animangeek.com\/","name":"Animan Geek","description":"","potentialAction":[{"@type":"SearchAction","target":{"@type":"EntryPoint","urlTemplate":"https:\/\/animangeek.com\/?s={search_term_string}"},"query-input":"required name=search_term_string"}],"inLanguage":"es"}]}},"_links":{"self":[{"href":"https:\/\/animangeek.com\/es_es\/wp-json\/wp\/v2\/posts\/13172"}],"collection":[{"href":"https:\/\/animangeek.com\/es_es\/wp-json\/wp\/v2\/posts"}],"about":[{"href":"https:\/\/animangeek.com\/es_es\/wp-json\/wp\/v2\/types\/post"}],"replies":[{"embeddable":true,"href":"https:\/\/animangeek.com\/es_es\/wp-json\/wp\/v2\/comments?post=13172"}],"version-history":[{"count":0,"href":"https:\/\/animangeek.com\/es_es\/wp-json\/wp\/v2\/posts\/13172\/revisions"}],"wp:featuredmedia":[{"embeddable":true,"href":"https:\/\/animangeek.com\/es_es\/wp-json\/wp\/v2\/media\/13174"}],"wp:attachment":[{"href":"https:\/\/animangeek.com\/es_es\/wp-json\/wp\/v2\/media?parent=13172"}],"wp:term":[{"taxonomy":"category","embeddable":true,"href":"https:\/\/animangeek.com\/es_es\/wp-json\/wp\/v2\/categories?post=13172"},{"taxonomy":"post_tag","embeddable":true,"href":"https:\/\/animangeek.com\/es_es\/wp-json\/wp\/v2\/tags?post=13172"}],"curies":[{"name":"wp","href":"https:\/\/api.w.org\/{rel}","templated":true}]}}