{"id":13248,"date":"2024-06-17T05:11:05","date_gmt":"2024-06-17T08:11:05","guid":{"rendered":"https:\/\/animangeek.com\/tokyo-revengers-confirma-que-animara-seu-arco-final\/"},"modified":"2024-06-17T05:11:05","modified_gmt":"2024-06-17T08:11:05","slug":"tokyo-revengers-confirma-que-animara-seu-arco-final","status":"publish","type":"post","link":"https:\/\/animangeek.com\/es_es\/tokyo-revengers-confirma-que-animara-seu-arco-final\/","title":{"rendered":"Tokyo Revengers confirma que animar\u00e1 su arco final"},"content":{"rendered":"<div class=\"mx-5 sm:mx-0 prose text-left mb-5\"><\/p>\n<div>\n<p>El 16 de junio de 2024, se llev\u00f3 a cabo una presentaci\u00f3n en la ciudad de Chiba, Jap\u00f3n para el anime de <em>Vengadores de Tokio<\/em>De d\u00f3nde sali\u00f3 el anuncio de la secuela. No se mencion\u00f3 si habr\u00e1 una cuarta temporada, pero para muchos fans tiene sentido.<\/p>\n<figure class=\"wp-block-embed is-type-video is-provider-youtube wp-block-embed-youtube\">\n<p>\n<iframe loading=\"lazy\" title=\"\u00a1Fotovoltaica!\" width=\"500\" height=\"281\" src=\"https:\/\/www.youtube.com\/embed\/pKPXdN32w8g?feature=oembed\" frameborder=\"0\" allow=\"accelerometer; autoplay; clipboard-write; encrypted-media; gyroscope; picture-in-picture; web-share\" referrerpolicy=\"strict-origin-when-cross-origin\" allowfullscreen><\/iframe><\/p>\n<\/figure>\n<p>De hecho, el resto del manga de Ken Wakui, que es un solo arco argumental, podr\u00eda adaptarse de esta manera. No tendr\u00eda mucho sentido recurrir a OVAs o pel\u00edculas para adaptar todo este contenido.<\/p>\n<p>Este anuncio sobre la secuencia de <em>Vengadores de Tokio<\/em> Se present\u00f3 con un tr\u00e1iler y un p\u00f3ster. El primero es una recopilaci\u00f3n de lo sucedido hasta el momento en el anime, que lleva tres temporadas en emisi\u00f3n.<\/p>\n<p><strong>Te recomendamos: Un nuevo y mejor Tokyo Revengers: Wind Breaker, todo lo que necesitas saber sobre la pandilla shonen.<\/strong><\/p>\n<p>La segunda muestra a Takemichi Hanagaki, el protagonista de la historia, sosteniendo a Manjiro &quot;Mikey&quot; Sano, quien parece estar herido. Adem\u00e1s del anuncio del regreso de la serie, tambi\u00e9n se anunci\u00f3 un anime spin-off.<\/p>\n<div class=\"wp-block-image\">\n<figure class=\"aligncenter size-full\"><img decoding=\"async\" src=\"https:\/\/animangeek.com\/wp-content\/uploads\/2024\/06\/Tokyo-Revengers-confirma-que-animara-seu-arco-final.webp.webp\" alt=\"Tokyo Revengers confirma que de fato animar\u00e1 seu arco final\" class=\"lazyload wp-image-627406\"\/><figcaption class=\"wp-element-caption\">Fuente: <em>PEL\u00cdCULAS LIDEN.<\/em><\/figcaption><\/figure>\n<\/div>\n<p>\u00c9ste, que est\u00e1 en formato corto, se titula <em>Vengadores de Dowa<\/em>lo que significa <em>Vengadores de cuentos de hadas<\/em>La idea es mostrar los personajes de <em>Vengadores de Tokio<\/em> como protagonistas de varios cuentos de hadas.<\/p>\n<p>La primera historia que se adapta de esta manera es la de <em>momotaro<\/em>lo cual es t\u00edpico del Pa\u00eds del Sol Naciente. Este anime tendr\u00e1 un estilo visual diferente al de la serie principal, y puedes verlo en la imagen de abajo.<\/p>\n<figure class=\"wp-block-embed is-type-rich is-provider-twitter wp-block-embed-twitter\"\/>\n<figure class=\"wp-block-embed is-type-rich is-provider-twitter wp-block-embed-twitter\">\n<div class=\"wp-block-embed__wrapper\">\n<blockquote class=\"twitter-tweet\" data-width=\"550\" data-dnt=\"true\">\n<p lang=\"ja\" dir=\"ltr\">\uff0f<br \/>\u65b0\u4f01\u753b\uff01\uff01\uff01\uff01<br \/>\u300c\u7ae5\u8a71\u30ea\u30d9\u30f3\u30b8\u30e3\u30fc\u30ba\u300d\u59cb\u52d5<br \/>\uff3c<\/p>\n<p>\u304c\u59cb\u52d5\u3057\u307e\u3059\uff01<br \/>\u6771\u4eac\u30ea\u30d9\u30f3\u30b8\u30e3\u30fc\u30ba\u7248\u306e\u300c\u7ae5\u8a71\u300d\u3092\u30df\u30cb\u30a2\u30cb\u30e1\u5316\u3059\u308b\u4f01\u753b\u3067\u3001\u7b2c1\u5f3e\u306f\u300e\u6843\u592a\u90ce\u300f\u3092\u516c\u958b\u4e88\u5b9a<br \/>\u4eca\u5f8c\u3001\u3069\u3093\u306a\u304a\u8a71\u304c\u767a\u8868\u3055\u308c\u3066\u3044\u304e<a rel=\"nofollow noopener\" target=\"_blank\" href=\"https:\/\/twitter.com\/hashtag\/toman_anime?src=hash&amp;ref_src=twsrc%5Etfw\">#toman_anime<\/a> <a rel=\"nofollow noopener\" target=\"_blank\" href=\"https:\/\/twitter.com\/hashtag\/%E6%9D%B1%E3%83%AA%E3%83%99?src=hash&amp;ref_src=twsrc%5Etfw\">#\u6771\u30ea\u30d9<\/a> <a rel=\"nofollow noopener\" target=\"_blank\" href=\"https:\/\/t.co\/mCfre4oL26\">foto.twitter.com\/mCfre4oL26<\/a><\/p>\n<p>\u2013 TV\u30a2\u30cb\u30e1\u300e\u6771\u4eac\u30ea\u30d9\u30f3\u30b8\u30e3\u30fc\u30ba\u300f\u516c\u5f0f@\u5929\u7afa\u7de8\u914d\u4fe1\u4e2d (@anime_toman) <a rel=\"nofollow noopener\" target=\"_blank\" href=\"https:\/\/twitter.com\/anime_toman\/status\/1802302742670807370?ref_src=twsrc%5Etfw\">16 de junio de 2024<\/a><\/p><\/blockquote><\/div>\n<\/figure>\n<p>El anuncio de la secuela de <em>Vengadores de Tokio<\/em>Lo que bien podr\u00eda ser una cuarta temporada, no fue acompa\u00f1ado de m\u00e1s detalles.<\/p>\n<p>Sin embargo, muchos suponen que el estudio responsable volver\u00e1 a ser LIDEN FILMS, que hasta ahora ha animado las tres temporadas anteriores.<\/p>\n<div class=\"wp-block-image\">\n<figure class=\"aligncenter size-full\"><img decoding=\"async\" src=\"https:\/\/animangeek.com\/wp-content\/uploads\/2024\/06\/1718611865_362_Tokyo-Revengers-confirma-que-animara-seu-arco-final.webp.webp\" alt=\"Tokyo Revengers confirma que animar\u00e1 seu \u00faltimo arco\" class=\"lazyload wp-image-627407\"\/><figcaption class=\"wp-element-caption\">Fuente: <em>PEL\u00cdCULAS LIDEN.<\/em><\/figcaption><\/figure>\n<\/div>\n<p>El estilo visual del nuevo p\u00f3ster es similar al del estudio. En cuanto a los servicios de v\u00eddeo a la carta, es probable que esta secuencia sea exclusiva de Disney+.<\/p>\n<figure class=\"wp-block-embed is-type-video is-provider-youtube wp-block-embed-youtube\">\n<p>\n<iframe loading=\"lazy\" title=\"Los 5 mejores videojuegos de la primera mitad de 2024\" width=\"500\" height=\"281\" src=\"https:\/\/www.youtube.com\/embed\/tLr7eunn8cg?feature=oembed\" frameborder=\"0\" allow=\"accelerometer; autoplay; clipboard-write; encrypted-media; gyroscope; picture-in-picture; web-share\" referrerpolicy=\"strict-origin-when-cross-origin\" allowfullscreen><\/iframe><\/p>\n<\/figure>\n<\/div>\n<p><script async src=\"\/\/platform.twitter.com\/widgets.js\" charset=\"utf-8\"><\/script><script async defer crossorigin=\"anonymous\" src=\"https:\/\/connect.facebook.net\/es_ES\/sdk.js#xfbml=1&amp;version=v12.0&amp;autoLogAppEvents=1\"><\/script><br \/>\n<\/div>","protected":false},"excerpt":{"rendered":"<p>El 16 de junio de 2024, se realiz\u00f3 una presentaci\u00f3n del anime Tokyo Revengers en la ciudad de Chiba, Jap\u00f3n, donde se anunci\u00f3 que habr\u00eda una secuela. No se mencion\u00f3 una cuarta temporada, pero para muchos fans, esto tiene sentido. De hecho, el resto del manga de Ken Wakui\u2026 <a class=\"more-link\" href=\"https:\/\/animangeek.com\/es_es\/tokyo-revengers-confirma-que-animara-seu-arco-final\/\">Sigue leyendo <span class=\"screen-reader-text\">Tokyo Revengers confirma que animar\u00e1 su arco final<\/span><\/a><\/p>","protected":false},"author":0,"featured_media":13251,"comment_status":"open","ping_status":"open","sticky":false,"template":"","format":"standard","meta":{"footnotes":""},"categories":[3],"tags":[],"yoast_head":"<!-- This site is optimized with the Yoast SEO plugin v23.3 - https:\/\/yoast.com\/wordpress\/plugins\/seo\/ -->\n<title>Tokyo Revengers confirma que animar\u00e1 seu arco final - Animan Geek<\/title>\n<meta name=\"robots\" content=\"index, follow, max-snippet:-1, max-image-preview:large, max-video-preview:-1\" \/>\n<link rel=\"canonical\" href=\"https:\/\/animangeek.com\/es_es\/tokyo-revengers-confirma-que-animara-seu-arco-final\/\" \/>\n<meta property=\"og:locale\" content=\"es_ES\" \/>\n<meta property=\"og:type\" content=\"article\" \/>\n<meta property=\"og:title\" content=\"Tokyo Revengers confirma que animar\u00e1 seu arco final - Animan Geek\" \/>\n<meta property=\"og:description\" content=\"Em 16 de junho de 2024, foi realizada uma apresenta\u00e7\u00e3o na cidade de Chiba, Jap\u00e3o, para o anime de Revengers de T\u00f3quiode onde veio o an\u00fancio de que haver\u00e1 uma sequ\u00eancia. N\u00e3o foi mencionado se haver\u00e1 uma quarta temporada, mas para muitos f\u00e3s isso faz sentido. Na verdade, o restante do mang\u00e1 de Ken Wakui,&hellip; Continue reading Tokyo Revengers confirma que animar\u00e1 seu arco final\" \/>\n<meta property=\"og:url\" content=\"https:\/\/animangeek.com\/es_es\/tokyo-revengers-confirma-que-animara-seu-arco-final\/\" \/>\n<meta property=\"og:site_name\" content=\"Animan Geek\" \/>\n<meta property=\"article:published_time\" content=\"2024-06-17T08:11:05+00:00\" \/>\n<meta property=\"og:image\" content=\"https:\/\/animangeek.com\/wp-content\/uploads\/sites\/106\/2024\/06\/1718611867_Tokyo-Revengers-confirma-que-animara-seu-arco-final.webp.webp\" \/>\n\t<meta property=\"og:image:width\" content=\"1280\" \/>\n\t<meta property=\"og:image:height\" content=\"720\" \/>\n\t<meta property=\"og:image:type\" content=\"image\/webp\" \/>\n<meta name=\"twitter:card\" content=\"summary_large_image\" \/>\n<meta name=\"twitter:label1\" content=\"Est. reading time\" \/>\n\t<meta name=\"twitter:data1\" content=\"2 minutos\" \/>\n<script type=\"application\/ld+json\" class=\"yoast-schema-graph\">{\"@context\":\"https:\/\/schema.org\",\"@graph\":[{\"@type\":\"WebPage\",\"@id\":\"https:\/\/animangeek.com\/tokyo-revengers-confirma-que-animara-seu-arco-final\/\",\"url\":\"https:\/\/animangeek.com\/tokyo-revengers-confirma-que-animara-seu-arco-final\/\",\"name\":\"Tokyo Revengers confirma que animar\u00e1 seu arco final - Animan Geek\",\"isPartOf\":{\"@id\":\"https:\/\/animangeek.com\/#website\"},\"primaryImageOfPage\":{\"@id\":\"https:\/\/animangeek.com\/tokyo-revengers-confirma-que-animara-seu-arco-final\/#primaryimage\"},\"image\":{\"@id\":\"https:\/\/animangeek.com\/tokyo-revengers-confirma-que-animara-seu-arco-final\/#primaryimage\"},\"thumbnailUrl\":\"https:\/\/animangeek.com\/wp-content\/uploads\/sites\/106\/2024\/06\/1718611867_Tokyo-Revengers-confirma-que-animara-seu-arco-final.webp.webp\",\"datePublished\":\"2024-06-17T08:11:05+00:00\",\"dateModified\":\"2024-06-17T08:11:05+00:00\",\"author\":{\"@id\":\"\"},\"breadcrumb\":{\"@id\":\"https:\/\/animangeek.com\/tokyo-revengers-confirma-que-animara-seu-arco-final\/#breadcrumb\"},\"inLanguage\":\"es\",\"potentialAction\":[{\"@type\":\"ReadAction\",\"target\":[\"https:\/\/animangeek.com\/tokyo-revengers-confirma-que-animara-seu-arco-final\/\"]}]},{\"@type\":\"ImageObject\",\"inLanguage\":\"es\",\"@id\":\"https:\/\/animangeek.com\/tokyo-revengers-confirma-que-animara-seu-arco-final\/#primaryimage\",\"url\":\"https:\/\/animangeek.com\/wp-content\/uploads\/sites\/106\/2024\/06\/1718611867_Tokyo-Revengers-confirma-que-animara-seu-arco-final.webp.webp\",\"contentUrl\":\"https:\/\/animangeek.com\/wp-content\/uploads\/sites\/106\/2024\/06\/1718611867_Tokyo-Revengers-confirma-que-animara-seu-arco-final.webp.webp\",\"width\":1280,\"height\":720},{\"@type\":\"BreadcrumbList\",\"@id\":\"https:\/\/animangeek.com\/tokyo-revengers-confirma-que-animara-seu-arco-final\/#breadcrumb\",\"itemListElement\":[{\"@type\":\"ListItem\",\"position\":1,\"name\":\"Home\",\"item\":\"https:\/\/animangeek.com\/\"},{\"@type\":\"ListItem\",\"position\":2,\"name\":\"Tokyo Revengers confirma que animar\u00e1 seu arco final\"}]},{\"@type\":\"WebSite\",\"@id\":\"https:\/\/animangeek.com\/#website\",\"url\":\"https:\/\/animangeek.com\/\",\"name\":\"Animan Geek\",\"description\":\"\",\"potentialAction\":[{\"@type\":\"SearchAction\",\"target\":{\"@type\":\"EntryPoint\",\"urlTemplate\":\"https:\/\/animangeek.com\/?s={search_term_string}\"},\"query-input\":\"required name=search_term_string\"}],\"inLanguage\":\"es\"}]}<\/script>\n<!-- \/ Yoast SEO plugin. -->","yoast_head_json":{"title":"Tokyo Revengers confirma que animar\u00e1 seu arco final - Animan Geek","robots":{"index":"index","follow":"follow","max-snippet":"max-snippet:-1","max-image-preview":"max-image-preview:large","max-video-preview":"max-video-preview:-1"},"canonical":"https:\/\/animangeek.com\/es_es\/tokyo-revengers-confirma-que-animara-seu-arco-final\/","og_locale":"es_ES","og_type":"article","og_title":"Tokyo Revengers confirma que animar\u00e1 seu arco final - Animan Geek","og_description":"Em 16 de junho de 2024, foi realizada uma apresenta\u00e7\u00e3o na cidade de Chiba, Jap\u00e3o, para o anime de Revengers de T\u00f3quiode onde veio o an\u00fancio de que haver\u00e1 uma sequ\u00eancia. N\u00e3o foi mencionado se haver\u00e1 uma quarta temporada, mas para muitos f\u00e3s isso faz sentido. Na verdade, o restante do mang\u00e1 de Ken Wakui,&hellip; Continue reading Tokyo Revengers confirma que animar\u00e1 seu arco final","og_url":"https:\/\/animangeek.com\/es_es\/tokyo-revengers-confirma-que-animara-seu-arco-final\/","og_site_name":"Animan Geek","article_published_time":"2024-06-17T08:11:05+00:00","og_image":[{"width":1280,"height":720,"url":"https:\/\/animangeek.com\/wp-content\/uploads\/sites\/106\/2024\/06\/1718611867_Tokyo-Revengers-confirma-que-animara-seu-arco-final.webp.webp","type":"image\/webp"}],"twitter_card":"summary_large_image","twitter_misc":{"Est. reading time":"2 minutos"},"schema":{"@context":"https:\/\/schema.org","@graph":[{"@type":"WebPage","@id":"https:\/\/animangeek.com\/tokyo-revengers-confirma-que-animara-seu-arco-final\/","url":"https:\/\/animangeek.com\/tokyo-revengers-confirma-que-animara-seu-arco-final\/","name":"Tokyo Revengers confirma que animar\u00e1 seu arco final - Animan Geek","isPartOf":{"@id":"https:\/\/animangeek.com\/#website"},"primaryImageOfPage":{"@id":"https:\/\/animangeek.com\/tokyo-revengers-confirma-que-animara-seu-arco-final\/#primaryimage"},"image":{"@id":"https:\/\/animangeek.com\/tokyo-revengers-confirma-que-animara-seu-arco-final\/#primaryimage"},"thumbnailUrl":"https:\/\/animangeek.com\/wp-content\/uploads\/sites\/106\/2024\/06\/1718611867_Tokyo-Revengers-confirma-que-animara-seu-arco-final.webp.webp","datePublished":"2024-06-17T08:11:05+00:00","dateModified":"2024-06-17T08:11:05+00:00","author":{"@id":""},"breadcrumb":{"@id":"https:\/\/animangeek.com\/tokyo-revengers-confirma-que-animara-seu-arco-final\/#breadcrumb"},"inLanguage":"es","potentialAction":[{"@type":"ReadAction","target":["https:\/\/animangeek.com\/tokyo-revengers-confirma-que-animara-seu-arco-final\/"]}]},{"@type":"ImageObject","inLanguage":"es","@id":"https:\/\/animangeek.com\/tokyo-revengers-confirma-que-animara-seu-arco-final\/#primaryimage","url":"https:\/\/animangeek.com\/wp-content\/uploads\/sites\/106\/2024\/06\/1718611867_Tokyo-Revengers-confirma-que-animara-seu-arco-final.webp.webp","contentUrl":"https:\/\/animangeek.com\/wp-content\/uploads\/sites\/106\/2024\/06\/1718611867_Tokyo-Revengers-confirma-que-animara-seu-arco-final.webp.webp","width":1280,"height":720},{"@type":"BreadcrumbList","@id":"https:\/\/animangeek.com\/tokyo-revengers-confirma-que-animara-seu-arco-final\/#breadcrumb","itemListElement":[{"@type":"ListItem","position":1,"name":"Home","item":"https:\/\/animangeek.com\/"},{"@type":"ListItem","position":2,"name":"Tokyo Revengers confirma que animar\u00e1 seu arco final"}]},{"@type":"WebSite","@id":"https:\/\/animangeek.com\/#website","url":"https:\/\/animangeek.com\/","name":"Animan Geek","description":"","potentialAction":[{"@type":"SearchAction","target":{"@type":"EntryPoint","urlTemplate":"https:\/\/animangeek.com\/?s={search_term_string}"},"query-input":"required name=search_term_string"}],"inLanguage":"es"}]}},"_links":{"self":[{"href":"https:\/\/animangeek.com\/es_es\/wp-json\/wp\/v2\/posts\/13248"}],"collection":[{"href":"https:\/\/animangeek.com\/es_es\/wp-json\/wp\/v2\/posts"}],"about":[{"href":"https:\/\/animangeek.com\/es_es\/wp-json\/wp\/v2\/types\/post"}],"replies":[{"embeddable":true,"href":"https:\/\/animangeek.com\/es_es\/wp-json\/wp\/v2\/comments?post=13248"}],"version-history":[{"count":0,"href":"https:\/\/animangeek.com\/es_es\/wp-json\/wp\/v2\/posts\/13248\/revisions"}],"wp:featuredmedia":[{"embeddable":true,"href":"https:\/\/animangeek.com\/es_es\/wp-json\/wp\/v2\/media\/13251"}],"wp:attachment":[{"href":"https:\/\/animangeek.com\/es_es\/wp-json\/wp\/v2\/media?parent=13248"}],"wp:term":[{"taxonomy":"category","embeddable":true,"href":"https:\/\/animangeek.com\/es_es\/wp-json\/wp\/v2\/categories?post=13248"},{"taxonomy":"post_tag","embeddable":true,"href":"https:\/\/animangeek.com\/es_es\/wp-json\/wp\/v2\/tags?post=13248"}],"curies":[{"name":"wp","href":"https:\/\/api.w.org\/{rel}","templated":true}]}}