{"id":13636,"date":"2024-06-28T00:54:58","date_gmt":"2024-06-28T03:54:58","guid":{"rendered":"https:\/\/animangeek.com\/anime-sentai-daishikkaku-teria-segunda-temporada\/"},"modified":"2024-06-28T00:54:58","modified_gmt":"2024-06-28T03:54:58","slug":"anime-sentai-daishikkaku-teria-segunda-temporada","status":"publish","type":"post","link":"https:\/\/animangeek.com\/es_es\/anime-sentai-daishikkaku-teria-segunda-temporada\/","title":{"rendered":"El anime Sentai Daishikkaku tendr\u00eda una segunda temporada"},"content":{"rendered":"<div class=\"mx-5 sm:mx-0 prose text-left mb-5\"><\/p>\n<div>\n<p>Una reciente filtraci\u00f3n ha confirmado que la adaptaci\u00f3n al anime del manga escrito e ilustrado por <strong>Negi Haruba<\/strong>&quot;<strong>Sentai Daishikkaku<\/strong> (<em>\u00a1Vamos, vamos, Ranger perdedor!<\/em>)\u201d, <strong>tendr\u00e1 una segunda temporada<\/strong>Seg\u00fan la filtraci\u00f3n, esta secuela se anunciar\u00e1 tras la emisi\u00f3n del episodio final el 30 de junio. Cabe destacar que esta informaci\u00f3n est\u00e1 pendiente de confirmaci\u00f3n, pero la fuente es fiable.<\/p>\n<div class=\"wp-block-image\">\n<figure class=\"aligncenter size-full\"><img loading=\"lazy\" decoding=\"async\" width=\"1477\" height=\"2216\" src=\"https:\/\/animangeek.com\/wp-content\/uploads\/2024\/06\/Anime-Sentai-Daishikkaku-teria-segunda-temporada.jpg\" alt=\"Sentai Daishikkaku\" class=\"wp-image-332220\"  \/><\/figure>\n<\/div>\n<p><strong>Negi Haruba<\/strong> Comenz\u00f3 la publicaci\u00f3n del manga en la revista. <strong>Revista semanal Shonen<\/strong> del editor <strong>Kodansha<\/strong> en febrero de 2021, donde a\u00fan se publica. Su obra principal, &quot;<strong>Gotoubun no Hanayome<\/strong>\u201c, se public\u00f3 en la misma revista entre agosto de 2017 y febrero de 2020, inspirando dos adaptaciones de anime y un largometraje.<\/p>\n<h3 class=\"wp-block-heading\"><strong>Equipo de producci\u00f3n<\/strong><\/h3>\n<ul>\n<li><strong>Keiichi Satou<\/strong> (<em>Inuyashiki<\/em>, <em>Tigre y conejo<\/em>, <em>Gantz: El<\/em>) se encarga de dirigir el anime en <strong>Fotos de Yostar<\/strong>.<\/li>\n<li><strong>Keiichirou Oochi<\/strong> (<em>Gotoubun no Hanayome<\/em>, <em>Hinamatsuri<\/em>, <em>El \u00e1ngel de al lado me mima much\u00edsimo<\/em>) es responsable de escribir y supervisar los guiones.<\/li>\n<li><strong>Kahoko Koseki<\/strong> Es responsable del dise\u00f1o de personajes y la direcci\u00f3n de animaci\u00f3n.<\/li>\n<li><strong>Yoshihiro Ike<\/strong> (<em>Dororo, Inuyashiki, Takt Op.<\/em>) es responsable de componer la banda sonora.<\/li>\n<\/ul>\n<p><iframe loading=\"lazy\" title=\"TBS\u7cfb\u5168\u56fd28\u5c40\u30cd\u30c3\u30c8\u306b\u3066\u6bce\u9031\u65e5\u66dc\u5348\u5f8c4\u664230\u5206\u304b\u3089\u653e\u9001\u4e2d\uff0f\u30c7\u30a3\u30ba\u30cb\u30fc\u30d7\u30e9\u30b9\u306b\u3066\u6bce\u9031\u65e5\u66dc17:00\u3088\u308a\u914d\u4fe1\u4e2d\" width=\"500\" height=\"281\" src=\"https:\/\/www.youtube.com\/embed\/bG0cGW35-TI?feature=oembed\" frameborder=\"0\" allow=\"accelerometer; autoplay; clipboard-write; encrypted-media; gyroscope; picture-in-picture; web-share\" referrerpolicy=\"strict-origin-when-cross-origin\" allowfullscreen><\/iframe><\/p>\n<h3 class=\"wp-block-heading\"><strong>Sinopsis de Sentai Daishikkaku<\/strong><\/h3>\n<p><em>Durante los \u00faltimos 13 a\u00f1os, el Ej\u00e9rcito de Monstruos Nefastos ha aparecido bajo su fortaleza flotante cada domingo para avanzar en su objetivo de conquistar la Tierra. \u00a1Por suerte, los Guardianes del Drag\u00f3n est\u00e1n aqu\u00ed para salvar el d\u00eda! Tras derrotar a la mayor\u00eda de los monstruos durante la invasi\u00f3n inicial, los h\u00e9roes ahora aparecen rutinariamente para eliminar cualquier resistencia restante. Sin embargo, sin que el p\u00fablico lo sepa, cada combate posterior al primero ha sido un espect\u00e1culo deliberado organizado por ambos bandos: los Guardianes del Drag\u00f3n cosechan la fama y el prestigio de luchar contra enemigos imaginarios, mientras que los monstruos m\u00e1s d\u00e9biles, colectivamente llamados Dusters, pueden sobrevivir. Vive otro d\u00eda.<\/em><\/p>\n<p><em>Sentouin D, un Duster cansado de vivir una vida de verg\u00fcenza, abandona la fortaleza en un intento por cambiar su destino. Con la inesperada ayuda de la misteriosa ranger Yumeko Suzukiri, descubre que la clave para derrotar a los Guardianes Drag\u00f3n reside en sus Artefactos Divinos: armas definitivas cruciales para sus poderes \u00fanicos y su transformaci\u00f3n. Al unirse a Suzukiri para infiltrarse en la guarnici\u00f3n del Guardi\u00e1n Rojo Sousei Akabane, Sentouin D deber\u00e1 desafiar todos los pron\u00f3sticos para salvar a su especie de la crueldad de los humanos.<\/em><\/p>\n<p>Fuente: <strong><a rel=\"nofollow noopener\" target=\"_blank\" href=\"https:\/\/x.com\/SugoiLITE\/status\/1806517288662864177\">SUGOI Lite<\/a><\/strong><\/p>\n<p>\u00a9\u6625\u5834\u306d\u304e\u30fb\u8b1b\u8ac7\u793e\uff0f\u300c\u6226\u968a\u5927\u5931\u683c\u300d\u88fd\u4f5c\u59d4\u54e1\u4f1a<\/p>\n<\/div>\n<p><\/div>","protected":false},"excerpt":{"rendered":"<p>Una filtraci\u00f3n reciente confirm\u00f3 que la adaptaci\u00f3n al anime del manga &quot;Sentai Daishikkaku (\u00a1Vamos, vamos, Ranger Perdedor!), escrito e ilustrado por Negi Haruba, tendr\u00e1 una segunda temporada. Seg\u00fan la filtraci\u00f3n, esta secuela se anunciar\u00e1 tras la emisi\u00f3n del episodio final el 30 de junio. Cabe destacar que esta informaci\u00f3n est\u00e1 pendiente de confirmaci\u00f3n\u2026 <a class=\"more-link\" href=\"https:\/\/animangeek.com\/es_es\/anime-sentai-daishikkaku-teria-segunda-temporada\/\">Sigue leyendo <span class=\"screen-reader-text\">El anime Sentai Daishikkaku tendr\u00eda una segunda temporada<\/span><\/a><\/p>","protected":false},"author":0,"featured_media":13638,"comment_status":"open","ping_status":"open","sticky":false,"template":"","format":"standard","meta":{"footnotes":""},"categories":[3],"tags":[651,842,1415,1744],"yoast_head":"<!-- This site is optimized with the Yoast SEO plugin v23.3 - https:\/\/yoast.com\/wordpress\/plugins\/seo\/ -->\n<title>Anime Sentai Daishikkaku teria segunda temporada - Animan Geek<\/title>\n<meta name=\"robots\" content=\"index, follow, max-snippet:-1, max-image-preview:large, max-video-preview:-1\" \/>\n<link rel=\"canonical\" href=\"https:\/\/animangeek.com\/es_es\/anime-sentai-daishikkaku-teria-segunda-temporada\/\" \/>\n<meta property=\"og:locale\" content=\"es_ES\" \/>\n<meta property=\"og:type\" content=\"article\" \/>\n<meta property=\"og:title\" content=\"Anime Sentai Daishikkaku teria segunda temporada - Animan Geek\" \/>\n<meta property=\"og:description\" content=\"Um vazamento recente garantiu que a adapta\u00e7\u00e3o para anime do mang\u00e1 escrita e ilustrada por Negi Haruba\u201cSentai Daishikkaku (V\u00e1, v\u00e1, Ranger Perdedor!)\u201d, ter\u00e1 uma segunda temporada. De acordo com o vazamento, esta sequ\u00eancia ser\u00e1 anunciada ap\u00f3s o epis\u00f3dio final ir ao ar, em 30 de junho. Ressalta-se que se trata de informa\u00e7\u00e3o pendente de confirma\u00e7\u00e3o,&hellip; Continue reading Anime Sentai Daishikkaku teria segunda temporada\" \/>\n<meta property=\"og:url\" content=\"https:\/\/animangeek.com\/es_es\/anime-sentai-daishikkaku-teria-segunda-temporada\/\" \/>\n<meta property=\"og:site_name\" content=\"Animan Geek\" \/>\n<meta property=\"article:published_time\" content=\"2024-06-28T03:54:58+00:00\" \/>\n<meta property=\"og:image\" content=\"https:\/\/animangeek.com\/wp-content\/uploads\/sites\/106\/2024\/06\/1719546899_Anime-Sentai-Daishikkaku-teria-segunda-temporada.jpg\" \/>\n\t<meta property=\"og:image:width\" content=\"1920\" \/>\n\t<meta property=\"og:image:height\" content=\"1080\" \/>\n\t<meta property=\"og:image:type\" content=\"image\/jpeg\" \/>\n<meta name=\"twitter:card\" content=\"summary_large_image\" \/>\n<meta name=\"twitter:label1\" content=\"Est. reading time\" \/>\n\t<meta name=\"twitter:data1\" content=\"2 minutos\" \/>\n<script type=\"application\/ld+json\" class=\"yoast-schema-graph\">{\"@context\":\"https:\/\/schema.org\",\"@graph\":[{\"@type\":\"WebPage\",\"@id\":\"https:\/\/animangeek.com\/anime-sentai-daishikkaku-teria-segunda-temporada\/\",\"url\":\"https:\/\/animangeek.com\/anime-sentai-daishikkaku-teria-segunda-temporada\/\",\"name\":\"Anime Sentai Daishikkaku teria segunda temporada - Animan Geek\",\"isPartOf\":{\"@id\":\"https:\/\/animangeek.com\/#website\"},\"primaryImageOfPage\":{\"@id\":\"https:\/\/animangeek.com\/anime-sentai-daishikkaku-teria-segunda-temporada\/#primaryimage\"},\"image\":{\"@id\":\"https:\/\/animangeek.com\/anime-sentai-daishikkaku-teria-segunda-temporada\/#primaryimage\"},\"thumbnailUrl\":\"https:\/\/animangeek.com\/wp-content\/uploads\/sites\/106\/2024\/06\/1719546899_Anime-Sentai-Daishikkaku-teria-segunda-temporada.jpg\",\"datePublished\":\"2024-06-28T03:54:58+00:00\",\"dateModified\":\"2024-06-28T03:54:58+00:00\",\"author\":{\"@id\":\"\"},\"breadcrumb\":{\"@id\":\"https:\/\/animangeek.com\/anime-sentai-daishikkaku-teria-segunda-temporada\/#breadcrumb\"},\"inLanguage\":\"es\",\"potentialAction\":[{\"@type\":\"ReadAction\",\"target\":[\"https:\/\/animangeek.com\/anime-sentai-daishikkaku-teria-segunda-temporada\/\"]}]},{\"@type\":\"ImageObject\",\"inLanguage\":\"es\",\"@id\":\"https:\/\/animangeek.com\/anime-sentai-daishikkaku-teria-segunda-temporada\/#primaryimage\",\"url\":\"https:\/\/animangeek.com\/wp-content\/uploads\/sites\/106\/2024\/06\/1719546899_Anime-Sentai-Daishikkaku-teria-segunda-temporada.jpg\",\"contentUrl\":\"https:\/\/animangeek.com\/wp-content\/uploads\/sites\/106\/2024\/06\/1719546899_Anime-Sentai-Daishikkaku-teria-segunda-temporada.jpg\",\"width\":1920,\"height\":1080},{\"@type\":\"BreadcrumbList\",\"@id\":\"https:\/\/animangeek.com\/anime-sentai-daishikkaku-teria-segunda-temporada\/#breadcrumb\",\"itemListElement\":[{\"@type\":\"ListItem\",\"position\":1,\"name\":\"Home\",\"item\":\"https:\/\/animangeek.com\/\"},{\"@type\":\"ListItem\",\"position\":2,\"name\":\"Anime Sentai Daishikkaku teria segunda temporada\"}]},{\"@type\":\"WebSite\",\"@id\":\"https:\/\/animangeek.com\/#website\",\"url\":\"https:\/\/animangeek.com\/\",\"name\":\"Animan Geek\",\"description\":\"\",\"potentialAction\":[{\"@type\":\"SearchAction\",\"target\":{\"@type\":\"EntryPoint\",\"urlTemplate\":\"https:\/\/animangeek.com\/?s={search_term_string}\"},\"query-input\":\"required name=search_term_string\"}],\"inLanguage\":\"es\"}]}<\/script>\n<!-- \/ Yoast SEO plugin. -->","yoast_head_json":{"title":"Anime Sentai Daishikkaku teria segunda temporada - Animan Geek","robots":{"index":"index","follow":"follow","max-snippet":"max-snippet:-1","max-image-preview":"max-image-preview:large","max-video-preview":"max-video-preview:-1"},"canonical":"https:\/\/animangeek.com\/es_es\/anime-sentai-daishikkaku-teria-segunda-temporada\/","og_locale":"es_ES","og_type":"article","og_title":"Anime Sentai Daishikkaku teria segunda temporada - Animan Geek","og_description":"Um vazamento recente garantiu que a adapta\u00e7\u00e3o para anime do mang\u00e1 escrita e ilustrada por Negi Haruba\u201cSentai Daishikkaku (V\u00e1, v\u00e1, Ranger Perdedor!)\u201d, ter\u00e1 uma segunda temporada. De acordo com o vazamento, esta sequ\u00eancia ser\u00e1 anunciada ap\u00f3s o epis\u00f3dio final ir ao ar, em 30 de junho. Ressalta-se que se trata de informa\u00e7\u00e3o pendente de confirma\u00e7\u00e3o,&hellip; Continue reading Anime Sentai Daishikkaku teria segunda temporada","og_url":"https:\/\/animangeek.com\/es_es\/anime-sentai-daishikkaku-teria-segunda-temporada\/","og_site_name":"Animan Geek","article_published_time":"2024-06-28T03:54:58+00:00","og_image":[{"width":1920,"height":1080,"url":"https:\/\/animangeek.com\/wp-content\/uploads\/sites\/106\/2024\/06\/1719546899_Anime-Sentai-Daishikkaku-teria-segunda-temporada.jpg","type":"image\/jpeg"}],"twitter_card":"summary_large_image","twitter_misc":{"Est. reading time":"2 minutos"},"schema":{"@context":"https:\/\/schema.org","@graph":[{"@type":"WebPage","@id":"https:\/\/animangeek.com\/anime-sentai-daishikkaku-teria-segunda-temporada\/","url":"https:\/\/animangeek.com\/anime-sentai-daishikkaku-teria-segunda-temporada\/","name":"Anime Sentai Daishikkaku teria segunda temporada - Animan Geek","isPartOf":{"@id":"https:\/\/animangeek.com\/#website"},"primaryImageOfPage":{"@id":"https:\/\/animangeek.com\/anime-sentai-daishikkaku-teria-segunda-temporada\/#primaryimage"},"image":{"@id":"https:\/\/animangeek.com\/anime-sentai-daishikkaku-teria-segunda-temporada\/#primaryimage"},"thumbnailUrl":"https:\/\/animangeek.com\/wp-content\/uploads\/sites\/106\/2024\/06\/1719546899_Anime-Sentai-Daishikkaku-teria-segunda-temporada.jpg","datePublished":"2024-06-28T03:54:58+00:00","dateModified":"2024-06-28T03:54:58+00:00","author":{"@id":""},"breadcrumb":{"@id":"https:\/\/animangeek.com\/anime-sentai-daishikkaku-teria-segunda-temporada\/#breadcrumb"},"inLanguage":"es","potentialAction":[{"@type":"ReadAction","target":["https:\/\/animangeek.com\/anime-sentai-daishikkaku-teria-segunda-temporada\/"]}]},{"@type":"ImageObject","inLanguage":"es","@id":"https:\/\/animangeek.com\/anime-sentai-daishikkaku-teria-segunda-temporada\/#primaryimage","url":"https:\/\/animangeek.com\/wp-content\/uploads\/sites\/106\/2024\/06\/1719546899_Anime-Sentai-Daishikkaku-teria-segunda-temporada.jpg","contentUrl":"https:\/\/animangeek.com\/wp-content\/uploads\/sites\/106\/2024\/06\/1719546899_Anime-Sentai-Daishikkaku-teria-segunda-temporada.jpg","width":1920,"height":1080},{"@type":"BreadcrumbList","@id":"https:\/\/animangeek.com\/anime-sentai-daishikkaku-teria-segunda-temporada\/#breadcrumb","itemListElement":[{"@type":"ListItem","position":1,"name":"Home","item":"https:\/\/animangeek.com\/"},{"@type":"ListItem","position":2,"name":"Anime Sentai Daishikkaku teria segunda temporada"}]},{"@type":"WebSite","@id":"https:\/\/animangeek.com\/#website","url":"https:\/\/animangeek.com\/","name":"Animan Geek","description":"","potentialAction":[{"@type":"SearchAction","target":{"@type":"EntryPoint","urlTemplate":"https:\/\/animangeek.com\/?s={search_term_string}"},"query-input":"required name=search_term_string"}],"inLanguage":"es"}]}},"_links":{"self":[{"href":"https:\/\/animangeek.com\/es_es\/wp-json\/wp\/v2\/posts\/13636"}],"collection":[{"href":"https:\/\/animangeek.com\/es_es\/wp-json\/wp\/v2\/posts"}],"about":[{"href":"https:\/\/animangeek.com\/es_es\/wp-json\/wp\/v2\/types\/post"}],"replies":[{"embeddable":true,"href":"https:\/\/animangeek.com\/es_es\/wp-json\/wp\/v2\/comments?post=13636"}],"version-history":[{"count":0,"href":"https:\/\/animangeek.com\/es_es\/wp-json\/wp\/v2\/posts\/13636\/revisions"}],"wp:featuredmedia":[{"embeddable":true,"href":"https:\/\/animangeek.com\/es_es\/wp-json\/wp\/v2\/media\/13638"}],"wp:attachment":[{"href":"https:\/\/animangeek.com\/es_es\/wp-json\/wp\/v2\/media?parent=13636"}],"wp:term":[{"taxonomy":"category","embeddable":true,"href":"https:\/\/animangeek.com\/es_es\/wp-json\/wp\/v2\/categories?post=13636"},{"taxonomy":"post_tag","embeddable":true,"href":"https:\/\/animangeek.com\/es_es\/wp-json\/wp\/v2\/tags?post=13636"}],"curies":[{"name":"wp","href":"https:\/\/api.w.org\/{rel}","templated":true}]}}