{"id":13718,"date":"2024-07-01T12:04:52","date_gmt":"2024-07-01T15:04:52","guid":{"rendered":"https:\/\/animangeek.com\/oshi-no-ko-nos-da-uma-nova-visao-de-sua-intrigante-segunda-temporada\/"},"modified":"2024-07-01T12:04:52","modified_gmt":"2024-07-01T15:04:52","slug":"oshi-no-ko-nos-da-uma-nova-visao-de-sua-intrigante-segunda-temporada","status":"publish","type":"post","link":"https:\/\/animangeek.com\/es_es\/oshi-no-ko-nos-da-uma-nova-visao-de-sua-intrigante-segunda-temporada\/","title":{"rendered":"Oshi no Ko nos da un nuevo vistazo a su intrigante segunda temporada"},"content":{"rendered":"<div class=\"mx-5 sm:mx-0 prose text-left mb-5\"><\/p>\n<div>\n<p>El anime de <em>oshi no ko<\/em> Regresar\u00e1 este verano con su segunda temporada, y ya hay disponible un nuevo tr\u00e1iler para promocionarla. Gracias a \u00e9l, puedes escuchar su tema de cierre, conocido como <em>incendio<\/em> y es cantado por Hitsujibungaku.<\/p>\n<figure class=\"wp-block-embed is-type-video is-provider-youtube wp-block-embed-youtube wp-embed-aspect-16-9 wp-has-aspect-ratio\">\n<p>\n<iframe loading=\"lazy\" title=\"T\uff36\u30a2\u30cb\u30e1\u300e\u3010\u63a8\u3057\u306e\u5b50\u3011\u300f\u7b2c2\u671f\u30e1\u30a4\u30f3PV\u7b2c2\u5f3e\u30102024\u5e747\u67083\u65e5\u3011\" width=\"500\" height=\"281\" src=\"https:\/\/www.youtube.com\/embed\/QMuajQlx64c?feature=oembed\" frameborder=\"0\" allow=\"accelerometer; autoplay; clipboard-write; encrypted-media; gyroscope; picture-in-picture; web-share\" referrerpolicy=\"strict-origin-when-cross-origin\" allowfullscreen><\/iframe><\/p>\n<\/figure>\n<p>Tambi\u00e9n se inform\u00f3 sobre el tema o canci\u00f3n de apertura. Si bien se puede escuchar en un video anterior, no se sabe con certeza qu\u00e9 artista la interpret\u00f3. Lo \u00fanico que se sabe es que fue GEMN.<\/p>\n<p>Mucha gente pens\u00f3 que era un cantante nuevo, pero no fue as\u00ed. El tema de apertura de la segunda temporada de <em>oshi no ko<\/em>que tiene el nombre de <em>Fatal<\/em>Es cantada por los artistas Kento Nakajima y Tatsuya Kitani.<\/p>\n<p><strong>Te recomendamos: Oshi no Ko temporada 2 cap\u00edtulo 1, a qu\u00e9 hora, c\u00f3mo y d\u00f3nde ver.<\/strong><\/p>\n<p>GEMN es el nombre del d\u00fao temporal que decidieron crear. El tr\u00e1iler confirma la fecha de estreno del anime, el 3 de julio de 2024, en la televisi\u00f3n japonesa. HIDIVE ya ha confirmado que tendr\u00e1 esta secuela en su cat\u00e1logo.<\/p>\n<div class=\"wp-block-image\">\n<figure class=\"aligncenter size-full\"><img decoding=\"async\" src=\"https:\/\/animangeek.com\/wp-content\/uploads\/2024\/07\/Oshi-no-Ko-nos-da-uma-nova-visao-de-sua.webp.webp\" alt=\"Oshi no Ko nos d\u00e1 uma nova vis\u00e3o de sua intrigante segunda temporada\" class=\"lazyload wp-image-629557\"\/><figcaption class=\"wp-element-caption\">Fuente: <em>Doga Kobo.<\/em><\/figcaption><\/figure>\n<\/div>\n<p>Solo necesitas confirmar la fecha mencionada anteriormente. Lamentablemente, este servicio de video a la carta ya no est\u00e1 disponible en Latinoam\u00e9rica. No hay informaci\u00f3n, al menos por ahora, sobre si alguna otra plataforma tendr\u00e1 la segunda temporada. <em>oshi no ko<\/em> Entre sus estrenos.<\/p>\n<figure class=\"wp-block-embed is-type-rich is-provider-twitter wp-block-embed-twitter\"\/>\n<figure class=\"wp-block-embed is-type-rich is-provider-twitter wp-block-embed-twitter\"\/>\n<p>En este sentido, solo hay que tener paciencia. En cuanto al reparto de voces, se conoce lo siguiente:<\/p>\n<ul>\n<li>Megumi Han como Kana Arima<\/li>\n<li>Manaka Iwami como Akane Kurokawa<\/li>\n<li>Takeo \u014ctsuka como Aguamarina Hoshino<\/li>\n<li>Seiji Maeda como Melt Narushima<\/li>\n<li>Kouki Uchiyama como Taiki Himekawa<\/li>\n<li>Yuusuke Kobayashi como Sakuya Kamoshida<\/li>\n<li>Tomoyuki Shimura como Toshirou Kindaichi<\/li>\n<li>Ayane Sakura como Abiko Samejima<\/li>\n<li>Daisuke Ono como GOA<\/li>\n<\/ul>\n<div class=\"wp-block-image\">\n<figure class=\"aligncenter size-full\"><img decoding=\"async\" src=\"https:\/\/animangeek.com\/wp-content\/uploads\/2024\/07\/1719846292_322_Oshi-no-Ko-nos-da-uma-nova-visao-de-sua.webp.webp\" alt=\"Oshi no Ko nos d\u00e1 uma nova vis\u00e3o de sua intrigante segunda temporada\" class=\"lazyload wp-image-629558\"\/><figcaption class=\"wp-element-caption\">Fuente: <em>Doga Kobo.<\/em><\/figcaption><\/figure>\n<\/div>\n<p>Daisuke Hiramaki dirige la segunda temporada de <em>oshi no ko<\/em>Jin Tanaka est\u00e1 a cargo de los guiones y Kanna Hirayama dise\u00f1a los personajes. Trabajaron en el anime original, as\u00ed que pueden esperar la misma calidad.<\/p>\n<figure class=\"wp-block-embed is-type-video is-provider-youtube wp-block-embed-youtube wp-embed-aspect-16-9 wp-has-aspect-ratio\">\n<p>\n<iframe loading=\"lazy\" title=\"Elden Ring: Shadow of the Erdtree es bueno, pero no por eso\" width=\"500\" height=\"281\" src=\"https:\/\/www.youtube.com\/embed\/lbogwHxEHqg?feature=oembed\" frameborder=\"0\" allow=\"accelerometer; autoplay; clipboard-write; encrypted-media; gyroscope; picture-in-picture; web-share\" referrerpolicy=\"strict-origin-when-cross-origin\" allowfullscreen><\/iframe><\/p>\n<\/figure>\n<\/div>\n<p><\/div>","protected":false},"excerpt":{"rendered":"<p>El anime Oshi no Ko He regresa este verano con su segunda temporada, y ya hay disponible un nuevo tr\u00e1iler para promocionarlo. Gracias a este tr\u00e1iler, se puede escuchar su tema de cierre, conocido como &quot;Burning&quot;, interpretado por Hitsujibungaku. Tambi\u00e9n se inform\u00f3 sobre el tema de apertura, o canci\u00f3n principal,\u2026 <a class=\"more-link\" href=\"https:\/\/animangeek.com\/es_es\/oshi-no-ko-nos-da-uma-nova-visao-de-sua-intrigante-segunda-temporada\/\">Sigue leyendo <span class=\"screen-reader-text\">Oshi no Ko nos da un nuevo vistazo a su intrigante segunda temporada<\/span><\/a><\/p>","protected":false},"author":0,"featured_media":13720,"comment_status":"open","ping_status":"open","sticky":false,"template":"","format":"standard","meta":{"footnotes":""},"categories":[3],"tags":[],"yoast_head":"<!-- This site is optimized with the Yoast SEO plugin v23.3 - https:\/\/yoast.com\/wordpress\/plugins\/seo\/ -->\n<title>Oshi no Ko nos d\u00e1 uma nova vis\u00e3o de sua intrigante segunda temporada - Animan Geek<\/title>\n<meta name=\"robots\" content=\"index, follow, max-snippet:-1, max-image-preview:large, max-video-preview:-1\" \/>\n<link rel=\"canonical\" href=\"https:\/\/animangeek.com\/es_es\/oshi-no-ko-nos-da-uma-nova-visao-de-sua-intrigante-segunda-temporada\/\" \/>\n<meta property=\"og:locale\" content=\"es_ES\" \/>\n<meta property=\"og:type\" content=\"article\" \/>\n<meta property=\"og:title\" content=\"Oshi no Ko nos d\u00e1 uma nova vis\u00e3o de sua intrigante segunda temporada - Animan Geek\" \/>\n<meta property=\"og:description\" content=\"o anime de Oshi no Ko Ele retornar\u00e1 no ver\u00e3o com sua segunda temporada, e para promov\u00ea-la est\u00e1 dispon\u00edvel um novo trailer. \u00c9 gra\u00e7as a isso que voc\u00ea pode ouvir seu tema de encerramento ou encerramento, que \u00e9 conhecido como queimando e \u00e9 cantada por Hitsujibungaku. Tamb\u00e9m havia informa\u00e7\u00f5es sobre a abertura ou m\u00fasica de&hellip; Continue reading Oshi no Ko nos d\u00e1 uma nova vis\u00e3o de sua intrigante segunda temporada\" \/>\n<meta property=\"og:url\" content=\"https:\/\/animangeek.com\/es_es\/oshi-no-ko-nos-da-uma-nova-visao-de-sua-intrigante-segunda-temporada\/\" \/>\n<meta property=\"og:site_name\" content=\"Animan Geek\" \/>\n<meta property=\"article:published_time\" content=\"2024-07-01T15:04:52+00:00\" \/>\n<meta property=\"og:image\" content=\"https:\/\/animangeek.com\/wp-content\/uploads\/sites\/106\/2024\/07\/1719846293_Oshi-no-Ko-nos-da-uma-nova-visao-de-sua.webp.webp\" \/>\n\t<meta property=\"og:image:width\" content=\"1280\" \/>\n\t<meta property=\"og:image:height\" content=\"720\" \/>\n\t<meta property=\"og:image:type\" content=\"image\/webp\" \/>\n<meta name=\"twitter:card\" content=\"summary_large_image\" \/>\n<meta name=\"twitter:label1\" content=\"Est. reading time\" \/>\n\t<meta name=\"twitter:data1\" content=\"2 minutos\" \/>\n<script type=\"application\/ld+json\" class=\"yoast-schema-graph\">{\"@context\":\"https:\/\/schema.org\",\"@graph\":[{\"@type\":\"WebPage\",\"@id\":\"https:\/\/animangeek.com\/oshi-no-ko-nos-da-uma-nova-visao-de-sua-intrigante-segunda-temporada\/\",\"url\":\"https:\/\/animangeek.com\/oshi-no-ko-nos-da-uma-nova-visao-de-sua-intrigante-segunda-temporada\/\",\"name\":\"Oshi no Ko nos d\u00e1 uma nova vis\u00e3o de sua intrigante segunda temporada - Animan Geek\",\"isPartOf\":{\"@id\":\"https:\/\/animangeek.com\/#website\"},\"primaryImageOfPage\":{\"@id\":\"https:\/\/animangeek.com\/oshi-no-ko-nos-da-uma-nova-visao-de-sua-intrigante-segunda-temporada\/#primaryimage\"},\"image\":{\"@id\":\"https:\/\/animangeek.com\/oshi-no-ko-nos-da-uma-nova-visao-de-sua-intrigante-segunda-temporada\/#primaryimage\"},\"thumbnailUrl\":\"https:\/\/animangeek.com\/wp-content\/uploads\/sites\/106\/2024\/07\/1719846293_Oshi-no-Ko-nos-da-uma-nova-visao-de-sua.webp.webp\",\"datePublished\":\"2024-07-01T15:04:52+00:00\",\"dateModified\":\"2024-07-01T15:04:52+00:00\",\"author\":{\"@id\":\"\"},\"breadcrumb\":{\"@id\":\"https:\/\/animangeek.com\/oshi-no-ko-nos-da-uma-nova-visao-de-sua-intrigante-segunda-temporada\/#breadcrumb\"},\"inLanguage\":\"es\",\"potentialAction\":[{\"@type\":\"ReadAction\",\"target\":[\"https:\/\/animangeek.com\/oshi-no-ko-nos-da-uma-nova-visao-de-sua-intrigante-segunda-temporada\/\"]}]},{\"@type\":\"ImageObject\",\"inLanguage\":\"es\",\"@id\":\"https:\/\/animangeek.com\/oshi-no-ko-nos-da-uma-nova-visao-de-sua-intrigante-segunda-temporada\/#primaryimage\",\"url\":\"https:\/\/animangeek.com\/wp-content\/uploads\/sites\/106\/2024\/07\/1719846293_Oshi-no-Ko-nos-da-uma-nova-visao-de-sua.webp.webp\",\"contentUrl\":\"https:\/\/animangeek.com\/wp-content\/uploads\/sites\/106\/2024\/07\/1719846293_Oshi-no-Ko-nos-da-uma-nova-visao-de-sua.webp.webp\",\"width\":1280,\"height\":720},{\"@type\":\"BreadcrumbList\",\"@id\":\"https:\/\/animangeek.com\/oshi-no-ko-nos-da-uma-nova-visao-de-sua-intrigante-segunda-temporada\/#breadcrumb\",\"itemListElement\":[{\"@type\":\"ListItem\",\"position\":1,\"name\":\"Home\",\"item\":\"https:\/\/animangeek.com\/\"},{\"@type\":\"ListItem\",\"position\":2,\"name\":\"Oshi no Ko nos d\u00e1 uma nova vis\u00e3o de sua intrigante segunda temporada\"}]},{\"@type\":\"WebSite\",\"@id\":\"https:\/\/animangeek.com\/#website\",\"url\":\"https:\/\/animangeek.com\/\",\"name\":\"Animan Geek\",\"description\":\"\",\"potentialAction\":[{\"@type\":\"SearchAction\",\"target\":{\"@type\":\"EntryPoint\",\"urlTemplate\":\"https:\/\/animangeek.com\/?s={search_term_string}\"},\"query-input\":\"required name=search_term_string\"}],\"inLanguage\":\"es\"}]}<\/script>\n<!-- \/ Yoast SEO plugin. -->","yoast_head_json":{"title":"Oshi no Ko nos d\u00e1 uma nova vis\u00e3o de sua intrigante segunda temporada - Animan Geek","robots":{"index":"index","follow":"follow","max-snippet":"max-snippet:-1","max-image-preview":"max-image-preview:large","max-video-preview":"max-video-preview:-1"},"canonical":"https:\/\/animangeek.com\/es_es\/oshi-no-ko-nos-da-uma-nova-visao-de-sua-intrigante-segunda-temporada\/","og_locale":"es_ES","og_type":"article","og_title":"Oshi no Ko nos d\u00e1 uma nova vis\u00e3o de sua intrigante segunda temporada - Animan Geek","og_description":"o anime de Oshi no Ko Ele retornar\u00e1 no ver\u00e3o com sua segunda temporada, e para promov\u00ea-la est\u00e1 dispon\u00edvel um novo trailer. \u00c9 gra\u00e7as a isso que voc\u00ea pode ouvir seu tema de encerramento ou encerramento, que \u00e9 conhecido como queimando e \u00e9 cantada por Hitsujibungaku. Tamb\u00e9m havia informa\u00e7\u00f5es sobre a abertura ou m\u00fasica de&hellip; Continue reading Oshi no Ko nos d\u00e1 uma nova vis\u00e3o de sua intrigante segunda temporada","og_url":"https:\/\/animangeek.com\/es_es\/oshi-no-ko-nos-da-uma-nova-visao-de-sua-intrigante-segunda-temporada\/","og_site_name":"Animan Geek","article_published_time":"2024-07-01T15:04:52+00:00","og_image":[{"width":1280,"height":720,"url":"https:\/\/animangeek.com\/wp-content\/uploads\/sites\/106\/2024\/07\/1719846293_Oshi-no-Ko-nos-da-uma-nova-visao-de-sua.webp.webp","type":"image\/webp"}],"twitter_card":"summary_large_image","twitter_misc":{"Est. reading time":"2 minutos"},"schema":{"@context":"https:\/\/schema.org","@graph":[{"@type":"WebPage","@id":"https:\/\/animangeek.com\/oshi-no-ko-nos-da-uma-nova-visao-de-sua-intrigante-segunda-temporada\/","url":"https:\/\/animangeek.com\/oshi-no-ko-nos-da-uma-nova-visao-de-sua-intrigante-segunda-temporada\/","name":"Oshi no Ko nos d\u00e1 uma nova vis\u00e3o de sua intrigante segunda temporada - Animan Geek","isPartOf":{"@id":"https:\/\/animangeek.com\/#website"},"primaryImageOfPage":{"@id":"https:\/\/animangeek.com\/oshi-no-ko-nos-da-uma-nova-visao-de-sua-intrigante-segunda-temporada\/#primaryimage"},"image":{"@id":"https:\/\/animangeek.com\/oshi-no-ko-nos-da-uma-nova-visao-de-sua-intrigante-segunda-temporada\/#primaryimage"},"thumbnailUrl":"https:\/\/animangeek.com\/wp-content\/uploads\/sites\/106\/2024\/07\/1719846293_Oshi-no-Ko-nos-da-uma-nova-visao-de-sua.webp.webp","datePublished":"2024-07-01T15:04:52+00:00","dateModified":"2024-07-01T15:04:52+00:00","author":{"@id":""},"breadcrumb":{"@id":"https:\/\/animangeek.com\/oshi-no-ko-nos-da-uma-nova-visao-de-sua-intrigante-segunda-temporada\/#breadcrumb"},"inLanguage":"es","potentialAction":[{"@type":"ReadAction","target":["https:\/\/animangeek.com\/oshi-no-ko-nos-da-uma-nova-visao-de-sua-intrigante-segunda-temporada\/"]}]},{"@type":"ImageObject","inLanguage":"es","@id":"https:\/\/animangeek.com\/oshi-no-ko-nos-da-uma-nova-visao-de-sua-intrigante-segunda-temporada\/#primaryimage","url":"https:\/\/animangeek.com\/wp-content\/uploads\/sites\/106\/2024\/07\/1719846293_Oshi-no-Ko-nos-da-uma-nova-visao-de-sua.webp.webp","contentUrl":"https:\/\/animangeek.com\/wp-content\/uploads\/sites\/106\/2024\/07\/1719846293_Oshi-no-Ko-nos-da-uma-nova-visao-de-sua.webp.webp","width":1280,"height":720},{"@type":"BreadcrumbList","@id":"https:\/\/animangeek.com\/oshi-no-ko-nos-da-uma-nova-visao-de-sua-intrigante-segunda-temporada\/#breadcrumb","itemListElement":[{"@type":"ListItem","position":1,"name":"Home","item":"https:\/\/animangeek.com\/"},{"@type":"ListItem","position":2,"name":"Oshi no Ko nos d\u00e1 uma nova vis\u00e3o de sua intrigante segunda temporada"}]},{"@type":"WebSite","@id":"https:\/\/animangeek.com\/#website","url":"https:\/\/animangeek.com\/","name":"Animan Geek","description":"","potentialAction":[{"@type":"SearchAction","target":{"@type":"EntryPoint","urlTemplate":"https:\/\/animangeek.com\/?s={search_term_string}"},"query-input":"required name=search_term_string"}],"inLanguage":"es"}]}},"_links":{"self":[{"href":"https:\/\/animangeek.com\/es_es\/wp-json\/wp\/v2\/posts\/13718"}],"collection":[{"href":"https:\/\/animangeek.com\/es_es\/wp-json\/wp\/v2\/posts"}],"about":[{"href":"https:\/\/animangeek.com\/es_es\/wp-json\/wp\/v2\/types\/post"}],"replies":[{"embeddable":true,"href":"https:\/\/animangeek.com\/es_es\/wp-json\/wp\/v2\/comments?post=13718"}],"version-history":[{"count":0,"href":"https:\/\/animangeek.com\/es_es\/wp-json\/wp\/v2\/posts\/13718\/revisions"}],"wp:featuredmedia":[{"embeddable":true,"href":"https:\/\/animangeek.com\/es_es\/wp-json\/wp\/v2\/media\/13720"}],"wp:attachment":[{"href":"https:\/\/animangeek.com\/es_es\/wp-json\/wp\/v2\/media?parent=13718"}],"wp:term":[{"taxonomy":"category","embeddable":true,"href":"https:\/\/animangeek.com\/es_es\/wp-json\/wp\/v2\/categories?post=13718"},{"taxonomy":"post_tag","embeddable":true,"href":"https:\/\/animangeek.com\/es_es\/wp-json\/wp\/v2\/tags?post=13718"}],"curies":[{"name":"wp","href":"https:\/\/api.w.org\/{rel}","templated":true}]}}