{"id":13737,"date":"2024-07-01T14:58:50","date_gmt":"2024-07-01T17:58:50","guid":{"rendered":"https:\/\/animangeek.com\/anime-mushoku-tensei-confirma-terceira-temporada\/"},"modified":"2024-07-01T14:58:50","modified_gmt":"2024-07-01T17:58:50","slug":"anime-mushoku-tensei-confirma-terceira-temporada","status":"publish","type":"post","link":"https:\/\/animangeek.com\/es_es\/anime-mushoku-tensei-confirma-terceira-temporada\/","title":{"rendered":"El anime Mushoku Tensei confirma su tercera temporada"},"content":{"rendered":"<div class=\"mx-5 sm:mx-0 prose text-left mb-5\"><\/p>\n<div>\n<p>Despu\u00e9s de emitirse el episodio final, <strong>Se ha confirmado la producci\u00f3n de una tercera temporada<\/strong> para la adaptaci\u00f3n al anime de las novelas ligeras \u201c<strong>Mushoku Tensei: Reencarnaci\u00f3n desempleada<\/strong>\u201cEl comunicado no revel\u00f3 una fecha de lanzamiento programada, pero <strong>Vinculaci\u00f3n de estudio<\/strong> sigue siendo responsable de la producci\u00f3n.<\/p>\n<p><iframe loading=\"lazy\" title=\"TV\u30a2\u30cb\u30e1\u300e\u7121\u8077\u8ee2\u751f\u300f3\u671f\u767a\u8868\u6620\u50cf\uff0fMushokutensei: Se decidi\u00f3 la temporada 3 de Jobless Reincarnation.\" width=\"500\" height=\"281\" src=\"https:\/\/www.youtube.com\/embed\/IPd6V4VyjHc?feature=oembed\" frameborder=\"0\" allow=\"accelerometer; autoplay; clipboard-write; encrypted-media; gyroscope; picture-in-picture; web-share\" referrerpolicy=\"strict-origin-when-cross-origin\" allowfullscreen><\/iframe><\/p>\n<p>Mientras tanto, la adaptaci\u00f3n al anime de <strong>Vinculaci\u00f3n de estudio<\/strong> Se emitieron un total de dos temporadas (cada una separada en dos partes) que hasta el momento suman cuarenta y ocho episodios. <strong>Seg\u00fan declaraciones previas, se entiende que el estudio en cuesti\u00f3n ser\u00e1 el encargado de adaptar la obra en su totalidad, aunque tambi\u00e9n asumir\u00e1 otros proyectos intermedios.<\/strong><\/p>\n<p>Por su parte, <strong>Rifujin na Magonote<\/strong> La publicaci\u00f3n de novelas ligeras con ilustraciones de <strong>Sirotaka<\/strong> En enero de 2014 a trav\u00e9s del sello <strong>Libros MF<\/strong> de <strong>kadokawa<\/strong>y finaliz\u00f3 en noviembre de 2022. La adaptaci\u00f3n al manga de <strong>Yuka Fujikawa<\/strong> Se publica desde mayo de 2014.<\/p>\n<h3 class=\"wp-block-heading\"><strong>Equipo de producci\u00f3n<\/strong><\/h3>\n<ul>\n<li><strong>Hiroki Hirano<\/strong> (<em>subdirector de la primera temporada<\/em>) fue el encargado de dirigir la segunda temporada de <strong>Vinculaci\u00f3n de estudio<\/strong>reemplazando <strong>Manabu Okamoto<\/strong>.<\/li>\n<li><strong>Toshiya Oono<\/strong> (<em>86: Ochenta y seis, Yakusoku no Neverland, Houseki no Kuni<\/em>) estuvo a cargo de escribir y supervisar los guiones, reemplazando tambi\u00e9n <strong>Manabu Okamoto<\/strong>.<\/li>\n<li><strong>Sanae Shimada<\/strong> (<em>Sekai Seifuku: Bouryaku no Zvezda<\/em>) fue responsable del dise\u00f1o de personajes y la direcci\u00f3n de animaci\u00f3n, reemplazando <strong>Kazutaka Sugiyama<\/strong> ya <strong>Yoshiko Saitou<\/strong>.<\/li>\n<li><strong>Yoshiaki Fujisawa<\/strong> (<em>Houseki no Kuni, Isekai Trickster Magician, Love Live! School Idol Project<\/em>) fue el encargado de componer la banda sonora.<\/li>\n<\/ul>\n<div class=\"wp-block-image\">\n<figure class=\"aligncenter size-full\"><img loading=\"lazy\" decoding=\"async\" width=\"1809\" height=\"2560\" src=\"https:\/\/animangeek.com\/wp-content\/uploads\/2024\/07\/Anime-Mushoku-Tensei-confirma-terceira-temporada.jpg\" alt=\"Mushoku Tensei\" class=\"wp-image-332374\"  \/><\/figure>\n<\/div>\n<h3 class=\"wp-block-heading\" id=\"sinopsis-de-mushoku-tensei-jobless-reincarnation\"><strong>Sinopsis de Mushoku Tensei: Reencarnaci\u00f3n sin trabajo<\/strong><\/h3>\n<p><em>Cuando su relaci\u00f3n con Eris Boreas Greyrat alcanza nuevas cotas, Rudeus Greyrat se siente euf\u00f3rico. Desafortunadamente, su alegr\u00eda dura poco, ya que Eris lo abandona repentinamente para emprender su propio viaje. Creyendo que Eris ha perdido todo inter\u00e9s en \u00e9l, un Rudeus desconsolado y deprimido parte hacia los Territorios del Norte. Con el \u00fanico objetivo de encontrar a su madre en el vasto continente, Rudeus se cuestiona el valor de persistir en su vida diaria, cayendo en una rutina rob\u00f3tica mientras reflexiona sin cesar sobre su amor perdido.<\/em><\/p>\n<p><em>Sin embargo, los peligros del Norte pronto demuestran que sobrevivir con una mente embotada es imposible. Durante una b\u00fasqueda con el grupo Counter Arrow, al que conoci\u00f3 recientemente, Rudeus se topa con la muerte, una experiencia que lo saca de la desesperaci\u00f3n. Con sus nuevos compa\u00f1eros, Rudeus redescubre la alegr\u00eda de la aventura diaria y persigue su objetivo original de vivir al m\u00e1ximo su segunda oportunidad.<\/em><\/p>\n<p>Fuente: <strong><a rel=\"nofollow noopener\" target=\"_blank\" href=\"https:\/\/natalie.mu\/comic\/news\/580165\">Natalie en los c\u00f3mics<\/a><\/strong><\/p>\n<p>(c)\u7406\u4e0d\u5c3d\u306a\u5b6b\u306e\u624b\/MF\u30d6\u30c3\u30af\u30b9\/\u300c\u7121\u8077\u8ee2\u751f\u300d\u88fd\u4f5c\u59d4\u54e1\u4f1a<\/p>\n<\/div>\n<p><\/div>","protected":false},"excerpt":{"rendered":"<p>Tras la emisi\u00f3n del episodio final, se confirm\u00f3 la producci\u00f3n de una tercera temporada de la adaptaci\u00f3n al anime de las novelas ligeras &quot;Mushoku Tensei: Jobless Reincarnation&quot;. El comunicado no revel\u00f3 una fecha de estreno, pero Studio Binding sigue a cargo de la producci\u00f3n. Mientras tanto, la adaptaci\u00f3n al anime de Binding of\u2026 <a class=\"more-link\" href=\"https:\/\/animangeek.com\/es_es\/anime-mushoku-tensei-confirma-terceira-temporada\/\">Sigue leyendo <span class=\"screen-reader-text\">El anime Mushoku Tensei confirma su tercera temporada<\/span><\/a><\/p>","protected":false},"author":0,"featured_media":13738,"comment_status":"open","ping_status":"open","sticky":false,"template":"","format":"standard","meta":{"footnotes":""},"categories":[3],"tags":[793,1066,1484],"yoast_head":"<!-- This site is optimized with the Yoast SEO plugin v23.3 - https:\/\/yoast.com\/wordpress\/plugins\/seo\/ -->\n<title>Anime Mushoku Tensei confirma terceira temporada - Animan Geek<\/title>\n<meta name=\"robots\" content=\"index, follow, max-snippet:-1, max-image-preview:large, max-video-preview:-1\" \/>\n<link rel=\"canonical\" href=\"https:\/\/animangeek.com\/es_es\/anime-mushoku-tensei-confirma-terceira-temporada\/\" \/>\n<meta property=\"og:locale\" content=\"es_ES\" \/>\n<meta property=\"og:type\" content=\"article\" \/>\n<meta property=\"og:title\" content=\"Anime Mushoku Tensei confirma terceira temporada - Animan Geek\" \/>\n<meta property=\"og:description\" content=\"Depois que o epis\u00f3dio final foi ao ar, a produ\u00e7\u00e3o de uma terceira temporada foi confirmada para a adapta\u00e7\u00e3o em anime dos light novels \u201cMushoku Tensei: reencarna\u00e7\u00e3o sem emprego\u201c. O comunicado n\u00e3o revelou uma data de lan\u00e7amento agendada, mas Vincula\u00e7\u00e3o de est\u00fadio continua respons\u00e1vel pela produ\u00e7\u00e3o. Enquanto isso, a adapta\u00e7\u00e3o do anime de Vincula\u00e7\u00e3o de&hellip; Continue reading Anime Mushoku Tensei confirma terceira temporada\" \/>\n<meta property=\"og:url\" content=\"https:\/\/animangeek.com\/es_es\/anime-mushoku-tensei-confirma-terceira-temporada\/\" \/>\n<meta property=\"og:site_name\" content=\"Animan Geek\" \/>\n<meta property=\"article:published_time\" content=\"2024-07-01T17:58:50+00:00\" \/>\n<meta property=\"og:image\" content=\"https:\/\/animangeek.com\/wp-content\/uploads\/sites\/106\/2024\/07\/1719856731_Anime-Mushoku-Tensei-confirma-terceira-temporada.jpg\" \/>\n\t<meta property=\"og:image:width\" content=\"1920\" \/>\n\t<meta property=\"og:image:height\" content=\"1080\" \/>\n\t<meta property=\"og:image:type\" content=\"image\/jpeg\" \/>\n<meta name=\"twitter:card\" content=\"summary_large_image\" \/>\n<meta name=\"twitter:label1\" content=\"Est. reading time\" \/>\n\t<meta name=\"twitter:data1\" content=\"2 minutos\" \/>\n<script type=\"application\/ld+json\" class=\"yoast-schema-graph\">{\"@context\":\"https:\/\/schema.org\",\"@graph\":[{\"@type\":\"WebPage\",\"@id\":\"https:\/\/animangeek.com\/anime-mushoku-tensei-confirma-terceira-temporada\/\",\"url\":\"https:\/\/animangeek.com\/anime-mushoku-tensei-confirma-terceira-temporada\/\",\"name\":\"Anime Mushoku Tensei confirma terceira temporada - Animan Geek\",\"isPartOf\":{\"@id\":\"https:\/\/animangeek.com\/#website\"},\"primaryImageOfPage\":{\"@id\":\"https:\/\/animangeek.com\/anime-mushoku-tensei-confirma-terceira-temporada\/#primaryimage\"},\"image\":{\"@id\":\"https:\/\/animangeek.com\/anime-mushoku-tensei-confirma-terceira-temporada\/#primaryimage\"},\"thumbnailUrl\":\"https:\/\/animangeek.com\/wp-content\/uploads\/sites\/106\/2024\/07\/1719856731_Anime-Mushoku-Tensei-confirma-terceira-temporada.jpg\",\"datePublished\":\"2024-07-01T17:58:50+00:00\",\"dateModified\":\"2024-07-01T17:58:50+00:00\",\"author\":{\"@id\":\"\"},\"breadcrumb\":{\"@id\":\"https:\/\/animangeek.com\/anime-mushoku-tensei-confirma-terceira-temporada\/#breadcrumb\"},\"inLanguage\":\"es\",\"potentialAction\":[{\"@type\":\"ReadAction\",\"target\":[\"https:\/\/animangeek.com\/anime-mushoku-tensei-confirma-terceira-temporada\/\"]}]},{\"@type\":\"ImageObject\",\"inLanguage\":\"es\",\"@id\":\"https:\/\/animangeek.com\/anime-mushoku-tensei-confirma-terceira-temporada\/#primaryimage\",\"url\":\"https:\/\/animangeek.com\/wp-content\/uploads\/sites\/106\/2024\/07\/1719856731_Anime-Mushoku-Tensei-confirma-terceira-temporada.jpg\",\"contentUrl\":\"https:\/\/animangeek.com\/wp-content\/uploads\/sites\/106\/2024\/07\/1719856731_Anime-Mushoku-Tensei-confirma-terceira-temporada.jpg\",\"width\":1920,\"height\":1080},{\"@type\":\"BreadcrumbList\",\"@id\":\"https:\/\/animangeek.com\/anime-mushoku-tensei-confirma-terceira-temporada\/#breadcrumb\",\"itemListElement\":[{\"@type\":\"ListItem\",\"position\":1,\"name\":\"Home\",\"item\":\"https:\/\/animangeek.com\/\"},{\"@type\":\"ListItem\",\"position\":2,\"name\":\"Anime Mushoku Tensei confirma terceira temporada\"}]},{\"@type\":\"WebSite\",\"@id\":\"https:\/\/animangeek.com\/#website\",\"url\":\"https:\/\/animangeek.com\/\",\"name\":\"Animan Geek\",\"description\":\"\",\"potentialAction\":[{\"@type\":\"SearchAction\",\"target\":{\"@type\":\"EntryPoint\",\"urlTemplate\":\"https:\/\/animangeek.com\/?s={search_term_string}\"},\"query-input\":\"required name=search_term_string\"}],\"inLanguage\":\"es\"}]}<\/script>\n<!-- \/ Yoast SEO plugin. -->","yoast_head_json":{"title":"Anime Mushoku Tensei confirma terceira temporada - Animan Geek","robots":{"index":"index","follow":"follow","max-snippet":"max-snippet:-1","max-image-preview":"max-image-preview:large","max-video-preview":"max-video-preview:-1"},"canonical":"https:\/\/animangeek.com\/es_es\/anime-mushoku-tensei-confirma-terceira-temporada\/","og_locale":"es_ES","og_type":"article","og_title":"Anime Mushoku Tensei confirma terceira temporada - Animan Geek","og_description":"Depois que o epis\u00f3dio final foi ao ar, a produ\u00e7\u00e3o de uma terceira temporada foi confirmada para a adapta\u00e7\u00e3o em anime dos light novels \u201cMushoku Tensei: reencarna\u00e7\u00e3o sem emprego\u201c. O comunicado n\u00e3o revelou uma data de lan\u00e7amento agendada, mas Vincula\u00e7\u00e3o de est\u00fadio continua respons\u00e1vel pela produ\u00e7\u00e3o. Enquanto isso, a adapta\u00e7\u00e3o do anime de Vincula\u00e7\u00e3o de&hellip; Continue reading Anime Mushoku Tensei confirma terceira temporada","og_url":"https:\/\/animangeek.com\/es_es\/anime-mushoku-tensei-confirma-terceira-temporada\/","og_site_name":"Animan Geek","article_published_time":"2024-07-01T17:58:50+00:00","og_image":[{"width":1920,"height":1080,"url":"https:\/\/animangeek.com\/wp-content\/uploads\/sites\/106\/2024\/07\/1719856731_Anime-Mushoku-Tensei-confirma-terceira-temporada.jpg","type":"image\/jpeg"}],"twitter_card":"summary_large_image","twitter_misc":{"Est. reading time":"2 minutos"},"schema":{"@context":"https:\/\/schema.org","@graph":[{"@type":"WebPage","@id":"https:\/\/animangeek.com\/anime-mushoku-tensei-confirma-terceira-temporada\/","url":"https:\/\/animangeek.com\/anime-mushoku-tensei-confirma-terceira-temporada\/","name":"Anime Mushoku Tensei confirma terceira temporada - Animan Geek","isPartOf":{"@id":"https:\/\/animangeek.com\/#website"},"primaryImageOfPage":{"@id":"https:\/\/animangeek.com\/anime-mushoku-tensei-confirma-terceira-temporada\/#primaryimage"},"image":{"@id":"https:\/\/animangeek.com\/anime-mushoku-tensei-confirma-terceira-temporada\/#primaryimage"},"thumbnailUrl":"https:\/\/animangeek.com\/wp-content\/uploads\/sites\/106\/2024\/07\/1719856731_Anime-Mushoku-Tensei-confirma-terceira-temporada.jpg","datePublished":"2024-07-01T17:58:50+00:00","dateModified":"2024-07-01T17:58:50+00:00","author":{"@id":""},"breadcrumb":{"@id":"https:\/\/animangeek.com\/anime-mushoku-tensei-confirma-terceira-temporada\/#breadcrumb"},"inLanguage":"es","potentialAction":[{"@type":"ReadAction","target":["https:\/\/animangeek.com\/anime-mushoku-tensei-confirma-terceira-temporada\/"]}]},{"@type":"ImageObject","inLanguage":"es","@id":"https:\/\/animangeek.com\/anime-mushoku-tensei-confirma-terceira-temporada\/#primaryimage","url":"https:\/\/animangeek.com\/wp-content\/uploads\/sites\/106\/2024\/07\/1719856731_Anime-Mushoku-Tensei-confirma-terceira-temporada.jpg","contentUrl":"https:\/\/animangeek.com\/wp-content\/uploads\/sites\/106\/2024\/07\/1719856731_Anime-Mushoku-Tensei-confirma-terceira-temporada.jpg","width":1920,"height":1080},{"@type":"BreadcrumbList","@id":"https:\/\/animangeek.com\/anime-mushoku-tensei-confirma-terceira-temporada\/#breadcrumb","itemListElement":[{"@type":"ListItem","position":1,"name":"Home","item":"https:\/\/animangeek.com\/"},{"@type":"ListItem","position":2,"name":"Anime Mushoku Tensei confirma terceira temporada"}]},{"@type":"WebSite","@id":"https:\/\/animangeek.com\/#website","url":"https:\/\/animangeek.com\/","name":"Animan Geek","description":"","potentialAction":[{"@type":"SearchAction","target":{"@type":"EntryPoint","urlTemplate":"https:\/\/animangeek.com\/?s={search_term_string}"},"query-input":"required name=search_term_string"}],"inLanguage":"es"}]}},"_links":{"self":[{"href":"https:\/\/animangeek.com\/es_es\/wp-json\/wp\/v2\/posts\/13737"}],"collection":[{"href":"https:\/\/animangeek.com\/es_es\/wp-json\/wp\/v2\/posts"}],"about":[{"href":"https:\/\/animangeek.com\/es_es\/wp-json\/wp\/v2\/types\/post"}],"replies":[{"embeddable":true,"href":"https:\/\/animangeek.com\/es_es\/wp-json\/wp\/v2\/comments?post=13737"}],"version-history":[{"count":0,"href":"https:\/\/animangeek.com\/es_es\/wp-json\/wp\/v2\/posts\/13737\/revisions"}],"wp:featuredmedia":[{"embeddable":true,"href":"https:\/\/animangeek.com\/es_es\/wp-json\/wp\/v2\/media\/13738"}],"wp:attachment":[{"href":"https:\/\/animangeek.com\/es_es\/wp-json\/wp\/v2\/media?parent=13737"}],"wp:term":[{"taxonomy":"category","embeddable":true,"href":"https:\/\/animangeek.com\/es_es\/wp-json\/wp\/v2\/categories?post=13737"},{"taxonomy":"post_tag","embeddable":true,"href":"https:\/\/animangeek.com\/es_es\/wp-json\/wp\/v2\/tags?post=13737"}],"curies":[{"name":"wp","href":"https:\/\/api.w.org\/{rel}","templated":true}]}}