{"id":15786,"date":"2024-08-03T13:00:49","date_gmt":"2024-08-03T16:00:49","guid":{"rendered":"https:\/\/animangeek.com\/dragon-ball-goku-nao-ia-crescer-nem-ter-cauda\/"},"modified":"2024-08-03T13:00:49","modified_gmt":"2024-08-03T16:00:49","slug":"dragon-ball-goku-nao-ia-crescer-nem-ter-cauda","status":"publish","type":"post","link":"https:\/\/animangeek.com\/es_es\/dragon-ball-goku-nao-ia-crescer-nem-ter-cauda\/","title":{"rendered":"Dragon Ball: Goku no crecer\u00eda ni tendr\u00eda cola"},"content":{"rendered":"<div class=\"mx-5 sm:mx-0 prose text-left mb-5\">\n<div>\n<p>En una entrevista realizada en 1993, <strong>Akira Toriyama, el creador de \u201cDragon Ball\u201d<\/strong>Revel\u00f3 detalles sorprendentes sobre los or\u00edgenes de la franquicia y la evoluci\u00f3n de su ic\u00f3nico personaje, Son Goku. A continuaci\u00f3n, una traducci\u00f3n y un an\u00e1lisis de sus declaraciones m\u00e1s relevantes:<\/p>\n<div class=\"wp-block-image\">\n<figure class=\"aligncenter size-full\"><img loading=\"lazy\" decoding=\"async\" width=\"1200\" height=\"600\" src=\"http:\/\/animangeek.com\/wp-content\/uploads\/sites\/106\/2024\/08\/Dragon-Ball-Goku-nao-ia-crescer-nem-ter-cauda.png\" alt=\"\" class=\"wp-image-334213\"  \/><\/figure>\n<\/div>\n<h4 class=\"wp-block-heading\"><strong>Inspiraci\u00f3n y comienzos<\/strong><\/h4>\n<p>Aqu\u00ed Toriyama explica que la idea de <strong>Bola de drag\u00f3n<\/strong> Surgi\u00f3 de su pasi\u00f3n por las pel\u00edculas de kung-fu y de una sugerencia de su editor. Aunque al principio no le interesaba, acept\u00f3 intentarlo.<\/p>\n<ul>\n<li>\u00ab<em>Hola, me llamo Akira Toriyama. A ver... la inspiraci\u00f3n para Dragon Ball surgi\u00f3 cuando Dr. Slump estaba a punto de terminar. Mi anterior editor, un tal Torishima-san, sab\u00eda que me gustaban mucho las pel\u00edculas de kung-fu, como las de Jackie Chan y Bruce Lee, y las ve\u00eda una y otra vez en v\u00eddeo. As\u00ed que me dijo: &quot;Si te gustan tanto, \u00bfpor qu\u00e9 no intentas dibujar una?&quot;. As\u00ed empez\u00f3 todo. (Risas) Y, eh, personalmente, la verdad es que no quer\u00eda hacerlo. (Risas) Eso es porque ve\u00eda pel\u00edculas de kung-fu porque me gustaban, as\u00ed que no quer\u00eda que se convirtieran en trabajo.<\/em>\u00bb.<\/li>\n<\/ul>\n<h4 class=\"wp-block-heading\"><strong><strong>Personaje de Goku<\/strong><\/strong><\/h4>\n<p>Toriyama revela que Goku fue concebido como un personaje <strong>simple<\/strong> y <strong>simple<\/strong>pero debido a su apariencia inexpresiva, realiz\u00f3 cambios como su peinado y cola para hacerlo m\u00e1s llamativo.<\/p>\n<ul>\n<li>\u00ab<em>Al principio de Dr. Slump, el personaje principal es Arale-chan, pero creo que me resist\u00ed un poco menos a dibujar una historia de kung-fu que a dibujar un c\u00f3mic con una protagonista femenina. Simplemente, las pel\u00edculas de kung-fu eran algo que solo ve\u00eda en v\u00eddeo, as\u00ed que me preocupaba mucho si podr\u00eda dibujar una historia de kung-fu. Bueno, en cuanto al personaje de Goku, inicialmente plane\u00e9 que fuera extremadamente simple, evitando darle las caracter\u00edsticas definidas t\u00edpicas de los personajes de revistas sh\u014dnen hasta entonces. Sin embargo, su apariencia termin\u00f3 teniendo muy poco impacto, as\u00ed que hice cosas como cambiarle ligeramente el peinado y a\u00f1adirle una coleta que no formaba parte del dise\u00f1o original.<\/em>\u00bb.<\/li>\n<\/ul>\n<div class=\"wp-block-image\">\n<figure class=\"aligncenter size-full\"><img loading=\"lazy\" decoding=\"async\" width=\"1024\" height=\"900\" src=\"https:\/\/animangeek.com\/wp-content\/uploads\/2024\/08\/1722700849_354_Dragon-Ball-Goku-nao-ia-crescer-nem-ter-cauda.png\" alt=\"\" class=\"wp-image-334212\"  \/><\/figure>\n<\/div>\n<h4 class=\"wp-block-heading\"><strong><strong>Evoluci\u00f3n y dificultades<\/strong><\/strong><\/h4>\n<p>Aqu\u00ed, Toriyama admite que <strong>Goku no estaba destinado a crecer ni a tener un origen extraterrestre.<\/strong>Esto muestra c\u00f3mo la historia y los personajes evolucionaron org\u00e1nicamente y a menudo fueron improvisados.<\/p>\n<ul>\n<li>\u00ab<em>Siendo sincero, soy un creador que siempre improvisa, haciendo referencia inconscientemente al cap\u00edtulo de la semana siguiente, as\u00ed que ser un extraterrestre no formaba parte de la historia de Goku originalmente. De hecho, ni siquiera se supon\u00eda que lo fuera al principio. Y por cosas como esta, se vuelve muy dif\u00edcil mantener la coherencia de la historia.<\/em>\u00bb.<\/li>\n<\/ul>\n<h4 class=\"wp-block-heading\"><strong><strong>Escalada de batallas<\/strong><\/strong><\/h4>\n<p>Toriyama tambi\u00e9n menciona la <strong>dificultad para mantener la consistencia y la escalada de las batallas<\/strong> en la serie, un desaf\u00edo com\u00fan en las historias de acci\u00f3n largas.<\/p>\n<ul>\n<li>\u00ab<em>Especialmente despu\u00e9s de la batalla contra el Rey Demonio Piccolo, fue particularmente dif\u00edcil, porque siempre ten\u00edan que hacerse cada vez m\u00e1s fuertes. Aunque sent\u00eda que era imposible hacerlos parecer m\u00e1s fuertes, pens\u00f3 que expresarlo con palabras ser\u00eda lo m\u00e1s f\u00e1cil: &quot;\u00a1Este tipo no se parece a nadie al que nos hayamos enfrentado antes!&quot;. Pero incluso as\u00ed, su forma de luchar no era muy diferente, as\u00ed que siempre intento, en la medida de lo posible, que las batallas parezcan m\u00e1s impactantes. Pero no creo haberlo logrado.<\/em>\u00bb.<\/li>\n<\/ul>\n<h4 class=\"wp-block-heading\"><strong><strong>Motivaciones personales<\/strong><\/strong><\/h4>\n<p>Finalmente, Toriyama comparte su <strong>motivaci\u00f3n personal<\/strong> convertirse en mangaka, lo cual surgi\u00f3 por necesidad econ\u00f3mica y esp\u00edritu competitivo.<\/p>\n<ul>\n<li>\u00ab<em>Lo que me hizo convertirme en dibujante de manga fue que, a principios de mis veintes, trabajaba en una agencia de publicidad. Siempre llegaba tarde y termin\u00e9 renunciando, pero lo hice sin pensar en qu\u00e9 har\u00eda despu\u00e9s, as\u00ed que mi dinero se estaba agotando r\u00e1pidamente. As\u00ed que le ped\u00eda dinero prestado a mi madre: &quot;Quiero ir a una cafeter\u00eda, \u00bfpodr\u00edas prestarme 250 yenes?&quot;. Y en la cafeter\u00eda, estaba leyendo un c\u00f3mic y hab\u00eda un anuncio de un concurso con un premio en efectivo. Me gustaba mucho el manga cuando estaba en la escuela primaria, as\u00ed que pens\u00e9, \u00bfpor qu\u00e9 no dibujar algo? Lo present\u00e9 porque quer\u00eda el premio en efectivo, pero fue rechazado. &quot;\u00bfQu\u00e9 demonios?&quot;, pens\u00e9, siendo un pez grande en un estanque peque\u00f1o, y desde entonces, debido al esp\u00edritu competitivo que conlleva ser un novato, pens\u00e9: &quot;\u00a1En ese caso, seguir\u00e9 dibujando hasta que obtenga el premio!&quot;. Pero al final, hice mi debut profesional sin haber recibido ese premio en efectivo. As\u00ed es como empec\u00e9.<\/em>\u00bb.<\/li>\n<\/ul>\n<p>Fuente: <strong><a rel=\"nofollow noopener\" target=\"_blank\" href=\"https:\/\/www.kanzenshuu.com\/translations\/jump-original-cd-1993-akira-toriyama-interview\/\">Kanzenshuu<\/a><\/strong><\/p>\n<\/div>\n<\/div>","protected":false},"excerpt":{"rendered":"<p>En una entrevista de 1993, Akira Toriyama, creador de &quot;Dragon Ball&quot;, revel\u00f3 detalles sorprendentes sobre los or\u00edgenes de la franquicia y la evoluci\u00f3n de su ic\u00f3nico personaje, Son Goku. A continuaci\u00f3n, una traducci\u00f3n y un an\u00e1lisis de sus declaraciones m\u00e1s relevantes: Inspiraci\u00f3n y comienzos. Aqu\u00ed, Toriyama explica que la idea de Dragon Ball surgi\u00f3 de\u2026 <a class=\"more-link\" href=\"https:\/\/animangeek.com\/es_es\/dragon-ball-goku-nao-ia-crescer-nem-ter-cauda\/\">Sigue leyendo <span class=\"screen-reader-text\">Dragon Ball: Goku no crecer\u00eda ni tendr\u00eda cola<\/span><\/a><\/p>","protected":false},"author":0,"featured_media":15787,"comment_status":"open","ping_status":"open","sticky":false,"template":"","format":"standard","meta":{"footnotes":""},"categories":[5],"tags":[507,1449],"yoast_head":"<!-- This site is optimized with the Yoast SEO plugin v23.3 - https:\/\/yoast.com\/wordpress\/plugins\/seo\/ -->\n<title>Dragon Ball: Goku n\u00e3o ia crescer nem ter cauda - Animan Geek<\/title>\n<meta name=\"robots\" content=\"index, follow, max-snippet:-1, max-image-preview:large, max-video-preview:-1\" \/>\n<link rel=\"canonical\" href=\"https:\/\/animangeek.com\/es_es\/dragon-ball-goku-nao-ia-crescer-nem-ter-cauda\/\" \/>\n<meta property=\"og:locale\" content=\"es_ES\" \/>\n<meta property=\"og:type\" content=\"article\" \/>\n<meta property=\"og:title\" content=\"Dragon Ball: Goku n\u00e3o ia crescer nem ter cauda - Animan Geek\" \/>\n<meta property=\"og:description\" content=\"Em entrevista realizada em 1993, Akira Toriyama, o criador de \u201cDragon Ball\u201d, revelou detalhes surpreendentes sobre as origens da franquia e a evolu\u00e7\u00e3o de seu personagem ic\u00f4nico, Son Goku. Abaixo est\u00e1 uma tradu\u00e7\u00e3o e an\u00e1lise de suas declara\u00e7\u00f5es mais relevantes: Inspira\u00e7\u00e3o e come\u00e7os Aqui Toriyama explica que a ideia de esfera do drag\u00e3o Surgiu de&hellip; Continue reading Dragon Ball: Goku n\u00e3o ia crescer nem ter cauda\" \/>\n<meta property=\"og:url\" content=\"https:\/\/animangeek.com\/es_es\/dragon-ball-goku-nao-ia-crescer-nem-ter-cauda\/\" \/>\n<meta property=\"og:site_name\" content=\"Animan Geek\" \/>\n<meta property=\"article:published_time\" content=\"2024-08-03T16:00:49+00:00\" \/>\n<meta property=\"og:image\" content=\"https:\/\/animangeek.com\/wp-content\/uploads\/sites\/106\/2024\/08\/Dragon-Ball-Goku-nao-ia-crescer-nem-ter-cauda.jpg\" \/>\n\t<meta property=\"og:image:width\" content=\"1920\" \/>\n\t<meta property=\"og:image:height\" content=\"1080\" \/>\n\t<meta property=\"og:image:type\" content=\"image\/jpeg\" \/>\n<meta name=\"twitter:card\" content=\"summary_large_image\" \/>\n<meta name=\"twitter:label1\" content=\"Est. reading time\" \/>\n\t<meta name=\"twitter:data1\" content=\"4 minutos\" \/>\n<script type=\"application\/ld+json\" class=\"yoast-schema-graph\">{\"@context\":\"https:\/\/schema.org\",\"@graph\":[{\"@type\":\"WebPage\",\"@id\":\"https:\/\/animangeek.com\/dragon-ball-goku-nao-ia-crescer-nem-ter-cauda\/\",\"url\":\"https:\/\/animangeek.com\/dragon-ball-goku-nao-ia-crescer-nem-ter-cauda\/\",\"name\":\"Dragon Ball: Goku n\u00e3o ia crescer nem ter cauda - Animan Geek\",\"isPartOf\":{\"@id\":\"https:\/\/animangeek.com\/#website\"},\"primaryImageOfPage\":{\"@id\":\"https:\/\/animangeek.com\/dragon-ball-goku-nao-ia-crescer-nem-ter-cauda\/#primaryimage\"},\"image\":{\"@id\":\"https:\/\/animangeek.com\/dragon-ball-goku-nao-ia-crescer-nem-ter-cauda\/#primaryimage\"},\"thumbnailUrl\":\"https:\/\/animangeek.com\/wp-content\/uploads\/sites\/106\/2024\/08\/Dragon-Ball-Goku-nao-ia-crescer-nem-ter-cauda.jpg\",\"datePublished\":\"2024-08-03T16:00:49+00:00\",\"dateModified\":\"2024-08-03T16:00:49+00:00\",\"author\":{\"@id\":\"\"},\"breadcrumb\":{\"@id\":\"https:\/\/animangeek.com\/dragon-ball-goku-nao-ia-crescer-nem-ter-cauda\/#breadcrumb\"},\"inLanguage\":\"es\",\"potentialAction\":[{\"@type\":\"ReadAction\",\"target\":[\"https:\/\/animangeek.com\/dragon-ball-goku-nao-ia-crescer-nem-ter-cauda\/\"]}]},{\"@type\":\"ImageObject\",\"inLanguage\":\"es\",\"@id\":\"https:\/\/animangeek.com\/dragon-ball-goku-nao-ia-crescer-nem-ter-cauda\/#primaryimage\",\"url\":\"https:\/\/animangeek.com\/wp-content\/uploads\/sites\/106\/2024\/08\/Dragon-Ball-Goku-nao-ia-crescer-nem-ter-cauda.jpg\",\"contentUrl\":\"https:\/\/animangeek.com\/wp-content\/uploads\/sites\/106\/2024\/08\/Dragon-Ball-Goku-nao-ia-crescer-nem-ter-cauda.jpg\",\"width\":1920,\"height\":1080},{\"@type\":\"BreadcrumbList\",\"@id\":\"https:\/\/animangeek.com\/dragon-ball-goku-nao-ia-crescer-nem-ter-cauda\/#breadcrumb\",\"itemListElement\":[{\"@type\":\"ListItem\",\"position\":1,\"name\":\"Home\",\"item\":\"https:\/\/animangeek.com\/\"},{\"@type\":\"ListItem\",\"position\":2,\"name\":\"Dragon Ball: Goku n\u00e3o ia crescer nem ter cauda\"}]},{\"@type\":\"WebSite\",\"@id\":\"https:\/\/animangeek.com\/#website\",\"url\":\"https:\/\/animangeek.com\/\",\"name\":\"Animan Geek\",\"description\":\"\",\"potentialAction\":[{\"@type\":\"SearchAction\",\"target\":{\"@type\":\"EntryPoint\",\"urlTemplate\":\"https:\/\/animangeek.com\/?s={search_term_string}\"},\"query-input\":\"required name=search_term_string\"}],\"inLanguage\":\"es\"}]}<\/script>\n<!-- \/ Yoast SEO plugin. -->","yoast_head_json":{"title":"Dragon Ball: Goku n\u00e3o ia crescer nem ter cauda - Animan Geek","robots":{"index":"index","follow":"follow","max-snippet":"max-snippet:-1","max-image-preview":"max-image-preview:large","max-video-preview":"max-video-preview:-1"},"canonical":"https:\/\/animangeek.com\/es_es\/dragon-ball-goku-nao-ia-crescer-nem-ter-cauda\/","og_locale":"es_ES","og_type":"article","og_title":"Dragon Ball: Goku n\u00e3o ia crescer nem ter cauda - Animan Geek","og_description":"Em entrevista realizada em 1993, Akira Toriyama, o criador de \u201cDragon Ball\u201d, revelou detalhes surpreendentes sobre as origens da franquia e a evolu\u00e7\u00e3o de seu personagem ic\u00f4nico, Son Goku. Abaixo est\u00e1 uma tradu\u00e7\u00e3o e an\u00e1lise de suas declara\u00e7\u00f5es mais relevantes: Inspira\u00e7\u00e3o e come\u00e7os Aqui Toriyama explica que a ideia de esfera do drag\u00e3o Surgiu de&hellip; Continue reading Dragon Ball: Goku n\u00e3o ia crescer nem ter cauda","og_url":"https:\/\/animangeek.com\/es_es\/dragon-ball-goku-nao-ia-crescer-nem-ter-cauda\/","og_site_name":"Animan Geek","article_published_time":"2024-08-03T16:00:49+00:00","og_image":[{"width":1920,"height":1080,"url":"https:\/\/animangeek.com\/wp-content\/uploads\/sites\/106\/2024\/08\/Dragon-Ball-Goku-nao-ia-crescer-nem-ter-cauda.jpg","type":"image\/jpeg"}],"twitter_card":"summary_large_image","twitter_misc":{"Est. reading time":"4 minutos"},"schema":{"@context":"https:\/\/schema.org","@graph":[{"@type":"WebPage","@id":"https:\/\/animangeek.com\/dragon-ball-goku-nao-ia-crescer-nem-ter-cauda\/","url":"https:\/\/animangeek.com\/dragon-ball-goku-nao-ia-crescer-nem-ter-cauda\/","name":"Dragon Ball: Goku n\u00e3o ia crescer nem ter cauda - Animan Geek","isPartOf":{"@id":"https:\/\/animangeek.com\/#website"},"primaryImageOfPage":{"@id":"https:\/\/animangeek.com\/dragon-ball-goku-nao-ia-crescer-nem-ter-cauda\/#primaryimage"},"image":{"@id":"https:\/\/animangeek.com\/dragon-ball-goku-nao-ia-crescer-nem-ter-cauda\/#primaryimage"},"thumbnailUrl":"https:\/\/animangeek.com\/wp-content\/uploads\/sites\/106\/2024\/08\/Dragon-Ball-Goku-nao-ia-crescer-nem-ter-cauda.jpg","datePublished":"2024-08-03T16:00:49+00:00","dateModified":"2024-08-03T16:00:49+00:00","author":{"@id":""},"breadcrumb":{"@id":"https:\/\/animangeek.com\/dragon-ball-goku-nao-ia-crescer-nem-ter-cauda\/#breadcrumb"},"inLanguage":"es","potentialAction":[{"@type":"ReadAction","target":["https:\/\/animangeek.com\/dragon-ball-goku-nao-ia-crescer-nem-ter-cauda\/"]}]},{"@type":"ImageObject","inLanguage":"es","@id":"https:\/\/animangeek.com\/dragon-ball-goku-nao-ia-crescer-nem-ter-cauda\/#primaryimage","url":"https:\/\/animangeek.com\/wp-content\/uploads\/sites\/106\/2024\/08\/Dragon-Ball-Goku-nao-ia-crescer-nem-ter-cauda.jpg","contentUrl":"https:\/\/animangeek.com\/wp-content\/uploads\/sites\/106\/2024\/08\/Dragon-Ball-Goku-nao-ia-crescer-nem-ter-cauda.jpg","width":1920,"height":1080},{"@type":"BreadcrumbList","@id":"https:\/\/animangeek.com\/dragon-ball-goku-nao-ia-crescer-nem-ter-cauda\/#breadcrumb","itemListElement":[{"@type":"ListItem","position":1,"name":"Home","item":"https:\/\/animangeek.com\/"},{"@type":"ListItem","position":2,"name":"Dragon Ball: Goku n\u00e3o ia crescer nem ter cauda"}]},{"@type":"WebSite","@id":"https:\/\/animangeek.com\/#website","url":"https:\/\/animangeek.com\/","name":"Animan Geek","description":"","potentialAction":[{"@type":"SearchAction","target":{"@type":"EntryPoint","urlTemplate":"https:\/\/animangeek.com\/?s={search_term_string}"},"query-input":"required name=search_term_string"}],"inLanguage":"es"}]}},"_links":{"self":[{"href":"https:\/\/animangeek.com\/es_es\/wp-json\/wp\/v2\/posts\/15786"}],"collection":[{"href":"https:\/\/animangeek.com\/es_es\/wp-json\/wp\/v2\/posts"}],"about":[{"href":"https:\/\/animangeek.com\/es_es\/wp-json\/wp\/v2\/types\/post"}],"replies":[{"embeddable":true,"href":"https:\/\/animangeek.com\/es_es\/wp-json\/wp\/v2\/comments?post=15786"}],"version-history":[{"count":0,"href":"https:\/\/animangeek.com\/es_es\/wp-json\/wp\/v2\/posts\/15786\/revisions"}],"wp:featuredmedia":[{"embeddable":true,"href":"https:\/\/animangeek.com\/es_es\/wp-json\/wp\/v2\/media\/15787"}],"wp:attachment":[{"href":"https:\/\/animangeek.com\/es_es\/wp-json\/wp\/v2\/media?parent=15786"}],"wp:term":[{"taxonomy":"category","embeddable":true,"href":"https:\/\/animangeek.com\/es_es\/wp-json\/wp\/v2\/categories?post=15786"},{"taxonomy":"post_tag","embeddable":true,"href":"https:\/\/animangeek.com\/es_es\/wp-json\/wp\/v2\/tags?post=15786"}],"curies":[{"name":"wp","href":"https:\/\/api.w.org\/{rel}","templated":true}]}}