{"id":17227,"date":"2024-08-14T17:15:51","date_gmt":"2024-08-14T20:15:51","guid":{"rendered":"https:\/\/animangeek.com\/a-razao-pela-qual-highschool-of-the-dead-nao-tera-uma-segunda-temporada\/"},"modified":"2024-08-14T17:15:51","modified_gmt":"2024-08-14T20:15:51","slug":"a-razao-pela-qual-highschool-of-the-dead-nao-tera-uma-segunda-temporada","status":"publish","type":"post","link":"https:\/\/animangeek.com\/es_es\/a-razao-pela-qual-highschool-of-the-dead-nao-tera-uma-segunda-temporada\/","title":{"rendered":"La raz\u00f3n por la que Highschool of the Dead no tendr\u00e1 una segunda temporada"},"content":{"rendered":"<div class=\"mx-5 sm:mx-0 prose text-left mb-5\">\n<div itemprop=\"articleBody\">\n<p><strong>Escuela secundaria de los muertos<\/strong> Se ha convertido en una historia muy popular, e incluso m\u00e1s de diez a\u00f1os despu\u00e9s del estreno de la adaptaci\u00f3n al anime, muchos fans siguen esperando la confirmaci\u00f3n de una secuela. Sin embargo, ha pasado el tiempo y no hay noticias al respecto. Muchos m\u00e1s afirman que una secuela ya no es posible, y en este art\u00edculo compartiremos las razones que dan los fans para esta afirmaci\u00f3n.<\/p>\n<h3 class=\"wp-block-heading has-text-align-center\">Los fan\u00e1ticos de Highschool of the Dead debaten en l\u00ednea por qu\u00e9 no habr\u00e1 una secuela del anime<\/h3>\n<figure class=\"wp-block-image size-full\"><noscript><img loading=\"lazy\" decoding=\"async\" width=\"1129\" height=\"720\" src=\"https:\/\/animangeek.com\/wp-content\/uploads\/2024\/08\/hotd-.jpg\" alt=\"Escola Secund\u00e1ria dos Mortos\" class=\"wp-image-185720\" title=\" La raz\u00f3n por la que Highschool Of The Dead no tendr\u00e1 una segunda temporada\"  \/><\/noscript><img loading=\"lazy\" decoding=\"async\" width=\"1129\" height=\"720\" src=\"https:\/\/animangeek.com\/wp-content\/uploads\/2024\/08\/hotd-.jpg\" alt=\"Escola secund\u00e1ria dos mortos\" class=\"lazyload wp-image-185720\" title=\" La raz\u00f3n por la que Highschool Of The Dead no tendr\u00e1 una segunda temporada\"  data-><\/figure>\n<p>Un usuario de la popular plataforma <strong><a rel=\"nofollow noopener\" target=\"_blank\" href=\"https:\/\/www.reddit.com\/r\/anime\/comments\/18zwew9\/high_school_of_the_dead_season_2_ever_coming\/?rdt=46745&amp;onetap_auto=true&amp;one_tap=true\" data-type=\"link\" data-id=\"https:\/\/www.reddit.com\/r\/anime\/comments\/18zwew9\/high_school_of_the_dead_season_2_ever_coming\/?rdt=46745&amp;onetap_auto=true&amp;one_tap=true\">Reddit<\/a><\/strong>Abri\u00f3 la conversaci\u00f3n preguntando: &quot;\u00bfTendremos alguna vez una segunda temporada de <strong>Escuela secundaria de los muertos<\/strong>?&quot; Asimismo, a\u00f1adi\u00f3 el siguiente comentario: &quot;Ahora que estamos en 2024, \u00bfalguien sabe si habr\u00e1 una segunda temporada? He o\u00eddo que podr\u00eda ser posible, pero me pregunto si alguien lo sabe&quot;. &quot;Es mi anime favorito&quot;, y a partir de esa pregunta, muchos usuarios empezaron a opinar.<\/p>\n<p>El primer usuario respondi\u00f3 que en realidad es muy poco probable que esto suceda, ya que el autor de la obra <strong>\u201cDaisuke Sato\u201d<\/strong> Falleci\u00f3 en 2017, por lo que la historia qued\u00f3 inconclusa. El manga <strong>Escuela secundaria de los muertos<\/strong> Lo hizo junto con su hermano. <strong>\u201cShouji Sato\u201d<\/strong>quien se neg\u00f3 a continuar con el trabajo, pues solo era responsable de las ilustraciones y, adem\u00e1s, es una historia que le trae mucha tristeza, por lo que no se siente capaz de continuar.<\/p>\n<p>En relaci\u00f3n a este argumento anterior, otro usuario pregunt\u00f3 si no hab\u00eda ya mucho material que se pudiera adaptar, aunque quiz\u00e1s para dar una conclusi\u00f3n habr\u00eda que alterar la historia para darle un final adecuado, algo que ya se ha hecho antes con animes como <strong>\u201cAkame ga Kill\u201d<\/strong>Ante esto, una persona que no estaba de acuerdo dijo: &quot;\u00bfPor qu\u00e9 deber\u00edan hacer esto? El anime sirve como propaganda para el manga y, sin la continuaci\u00f3n del manga (\u00bfde...?) <strong>Escuela secundaria de los muertos<\/strong>) que fue cancelada hace a\u00f1os, no hay forma de que haya una segunda temporada.<\/p>\n<figure class=\"wp-block-image size-large\"><noscript><img loading=\"lazy\" decoding=\"async\" width=\"1200\" height=\"675\" src=\"https:\/\/animangeek.com\/wp-content\/uploads\/2024\/08\/hotd-1200x675.jpg\" alt=\"quente\" class=\"wp-image-185601\" title=\" La raz\u00f3n por la que Highschool Of The Dead no tendr\u00e1 una segunda temporada 3\"  \/><\/noscript><img loading=\"lazy\" decoding=\"async\" width=\"1200\" height=\"675\" src=\"https:\/\/animangeek.com\/wp-content\/uploads\/2024\/08\/hotd-1200x675.jpg\" alt=\"quente\" class=\"lazyload wp-image-185601\" title=\" La raz\u00f3n por la que Highschool Of The Dead no tendr\u00e1 una segunda temporada 3\"  data-><\/figure>\n<p>El debate continu\u00f3 con un usuario preguntando si <strong>Escuela secundaria de los muertos<\/strong> Es una serie muy popular en este lado del mundo, as\u00ed que \u00bfpor qu\u00e9 no intentar una nueva versi\u00f3n con un nuevo guionista y con Shouji Sato involucrado en su desarrollo? A esta pregunta, otra persona respondi\u00f3 que Shouji es el propietario de todo el manga y el anime, ya que Daisuke le cedi\u00f3 los derechos al morir, pero el artista se niega a rehacer la serie o vender los derechos.<\/p>\n<p>Algo que tambi\u00e9n fue muy comentado es que por los temas o humor que se tratan <strong>Escuela secundaria de los muertos<\/strong>Hacer una secuela de esta historia no ser\u00eda buena idea, ya que su recepci\u00f3n p\u00fablica probablemente ser\u00eda mala, ya que trata temas que actualmente la sociedad desaprueba. Aun as\u00ed, alguien sugiri\u00f3 que se podr\u00eda hacer una secuela de esta adaptaci\u00f3n, present\u00e1ndola como... <strong>\u00abanime h\u00bb<\/strong>que han resurgido en popularidad en los \u00faltimos tiempos.<\/p>\n<p>Al final, muchos fan\u00e1ticos se quedaron lamentando la perspectiva de seguir viendo una adaptaci\u00f3n de <strong>Escuela secundaria de los muertos<\/strong>Por ejemplo, muchos dijeron que deber\u00edan abandonar el anime porque hab\u00edan pasado m\u00e1s de diez a\u00f1os y no volver\u00eda, pero los fans dijeron que no quer\u00edan hacerlo. Otros comentaron que hab\u00edan vuelto a ver el anime recientemente y les entristeci\u00f3 mucho recordar la historia y descubrir que ya no hab\u00eda material de su adaptaci\u00f3n.<\/p>\n<figure class=\"wp-block-image size-large\"><noscript><img loading=\"lazy\" decoding=\"async\" width=\"1200\" height=\"675\" src=\"https:\/\/animangeek.com\/wp-content\/uploads\/2024\/08\/Highschool-of-the-Dead-min-1200x675.jpg\" alt=\"Escola Secund\u00e1ria dos Mortos\" class=\"wp-image-216976\" title=\" La raz\u00f3n por la que Highschool Of The Dead no tendr\u00e1 una segunda temporada 4\"  \/><\/noscript><img loading=\"lazy\" decoding=\"async\" width=\"1200\" height=\"675\" src=\"https:\/\/animangeek.com\/wp-content\/uploads\/2024\/08\/Highschool-of-the-Dead-min-1200x675.jpg\" alt=\"Escola Secund\u00e1ria dos Mortos\" class=\"lazyload wp-image-216976\" title=\" La raz\u00f3n por la que Highschool Of The Dead no tendr\u00e1 una segunda temporada 4\"  data-><\/figure>\n<p><strong>\u00a9\u4f50\u85e4\u5927\u8f14\u30fb\u4f50\u85e4\u30b7\u30e7\u30a6\u30b8\/\u5bcc\u58eb\u898b\u66f8\u623f\/HOTD \u88fd\u4f5c\u59d4\u54e1\u4f1a<\/strong><\/p>\n<\/div>\n<\/div>","protected":false},"excerpt":{"rendered":"<p>High School of the Dead se ha convertido en una historia muy popular, e incluso m\u00e1s de diez a\u00f1os despu\u00e9s del estreno de la adaptaci\u00f3n al anime, muchos fans siguen esperando la confirmaci\u00f3n de una secuela. Sin embargo, ha pasado el tiempo y no hay noticias al respecto. Muchos m\u00e1s afirman que ya no es posible tener... <a class=\"more-link\" href=\"https:\/\/animangeek.com\/es_es\/a-razao-pela-qual-highschool-of-the-dead-nao-tera-uma-segunda-temporada\/\">Sigue leyendo <span class=\"screen-reader-text\">La raz\u00f3n por la que Highschool of the Dead no tendr\u00e1 una segunda temporada<\/span><\/a><\/p>","protected":false},"author":0,"featured_media":17228,"comment_status":"open","ping_status":"open","sticky":false,"template":"","format":"standard","meta":{"footnotes":""},"categories":[5],"tags":[503,1325],"yoast_head":"<!-- This site is optimized with the Yoast SEO plugin v23.3 - https:\/\/yoast.com\/wordpress\/plugins\/seo\/ -->\n<title>A raz\u00e3o pela qual Highschool of the Dead n\u00e3o ter\u00e1 uma segunda temporada - Animan Geek<\/title>\n<meta name=\"robots\" content=\"index, follow, max-snippet:-1, max-image-preview:large, max-video-preview:-1\" \/>\n<link rel=\"canonical\" href=\"https:\/\/animangeek.com\/es_es\/a-razao-pela-qual-highschool-of-the-dead-nao-tera-uma-segunda-temporada\/\" \/>\n<meta property=\"og:locale\" content=\"es_ES\" \/>\n<meta property=\"og:type\" content=\"article\" \/>\n<meta property=\"og:title\" content=\"A raz\u00e3o pela qual Highschool of the Dead n\u00e3o ter\u00e1 uma segunda temporada - Animan Geek\" \/>\n<meta property=\"og:description\" content=\"Escola Secund\u00e1ria dos Mortos Tornou-se uma hist\u00f3ria bastante popular e por isso, mesmo depois de mais de dez anos ap\u00f3s a transmiss\u00e3o de sua adapta\u00e7\u00e3o para anime, muitos f\u00e3s ainda aguardam a confirma\u00e7\u00e3o de uma continua\u00e7\u00e3o; Por\u00e9m, o tempo passou e n\u00e3o h\u00e1 not\u00edcias sobre isso. Muitos mais afirmam que n\u00e3o \u00e9 mais poss\u00edvel ter&hellip; Continue reading A raz\u00e3o pela qual Highschool of the Dead n\u00e3o ter\u00e1 uma segunda temporada\" \/>\n<meta property=\"og:url\" content=\"https:\/\/animangeek.com\/es_es\/a-razao-pela-qual-highschool-of-the-dead-nao-tera-uma-segunda-temporada\/\" \/>\n<meta property=\"og:site_name\" content=\"Animan Geek\" \/>\n<meta property=\"article:published_time\" content=\"2024-08-14T20:15:51+00:00\" \/>\n<meta property=\"og:image\" content=\"https:\/\/animangeek.com\/wp-content\/uploads\/sites\/106\/2024\/08\/A-razao-pela-qual-Highschool-of-the-Dead-nao-tera.webp.webp\" \/>\n\t<meta property=\"og:image:width\" content=\"1280\" \/>\n\t<meta property=\"og:image:height\" content=\"720\" \/>\n\t<meta property=\"og:image:type\" content=\"image\/webp\" \/>\n<meta name=\"twitter:card\" content=\"summary_large_image\" \/>\n<meta name=\"twitter:label1\" content=\"Est. reading time\" \/>\n\t<meta name=\"twitter:data1\" content=\"3 minutos\" \/>\n<script type=\"application\/ld+json\" class=\"yoast-schema-graph\">{\"@context\":\"https:\/\/schema.org\",\"@graph\":[{\"@type\":\"WebPage\",\"@id\":\"https:\/\/animangeek.com\/a-razao-pela-qual-highschool-of-the-dead-nao-tera-uma-segunda-temporada\/\",\"url\":\"https:\/\/animangeek.com\/a-razao-pela-qual-highschool-of-the-dead-nao-tera-uma-segunda-temporada\/\",\"name\":\"A raz\u00e3o pela qual Highschool of the Dead n\u00e3o ter\u00e1 uma segunda temporada - Animan Geek\",\"isPartOf\":{\"@id\":\"https:\/\/animangeek.com\/#website\"},\"primaryImageOfPage\":{\"@id\":\"https:\/\/animangeek.com\/a-razao-pela-qual-highschool-of-the-dead-nao-tera-uma-segunda-temporada\/#primaryimage\"},\"image\":{\"@id\":\"https:\/\/animangeek.com\/a-razao-pela-qual-highschool-of-the-dead-nao-tera-uma-segunda-temporada\/#primaryimage\"},\"thumbnailUrl\":\"https:\/\/animangeek.com\/wp-content\/uploads\/sites\/106\/2024\/08\/A-razao-pela-qual-Highschool-of-the-Dead-nao-tera.webp.webp\",\"datePublished\":\"2024-08-14T20:15:51+00:00\",\"dateModified\":\"2024-08-14T20:15:51+00:00\",\"author\":{\"@id\":\"\"},\"breadcrumb\":{\"@id\":\"https:\/\/animangeek.com\/a-razao-pela-qual-highschool-of-the-dead-nao-tera-uma-segunda-temporada\/#breadcrumb\"},\"inLanguage\":\"es\",\"potentialAction\":[{\"@type\":\"ReadAction\",\"target\":[\"https:\/\/animangeek.com\/a-razao-pela-qual-highschool-of-the-dead-nao-tera-uma-segunda-temporada\/\"]}]},{\"@type\":\"ImageObject\",\"inLanguage\":\"es\",\"@id\":\"https:\/\/animangeek.com\/a-razao-pela-qual-highschool-of-the-dead-nao-tera-uma-segunda-temporada\/#primaryimage\",\"url\":\"https:\/\/animangeek.com\/wp-content\/uploads\/sites\/106\/2024\/08\/A-razao-pela-qual-Highschool-of-the-Dead-nao-tera.webp.webp\",\"contentUrl\":\"https:\/\/animangeek.com\/wp-content\/uploads\/sites\/106\/2024\/08\/A-razao-pela-qual-Highschool-of-the-Dead-nao-tera.webp.webp\",\"width\":1280,\"height\":720},{\"@type\":\"BreadcrumbList\",\"@id\":\"https:\/\/animangeek.com\/a-razao-pela-qual-highschool-of-the-dead-nao-tera-uma-segunda-temporada\/#breadcrumb\",\"itemListElement\":[{\"@type\":\"ListItem\",\"position\":1,\"name\":\"Home\",\"item\":\"https:\/\/animangeek.com\/\"},{\"@type\":\"ListItem\",\"position\":2,\"name\":\"A raz\u00e3o pela qual Highschool of the Dead n\u00e3o ter\u00e1 uma segunda temporada\"}]},{\"@type\":\"WebSite\",\"@id\":\"https:\/\/animangeek.com\/#website\",\"url\":\"https:\/\/animangeek.com\/\",\"name\":\"Animan Geek\",\"description\":\"\",\"potentialAction\":[{\"@type\":\"SearchAction\",\"target\":{\"@type\":\"EntryPoint\",\"urlTemplate\":\"https:\/\/animangeek.com\/?s={search_term_string}\"},\"query-input\":\"required name=search_term_string\"}],\"inLanguage\":\"es\"}]}<\/script>\n<!-- \/ Yoast SEO plugin. -->","yoast_head_json":{"title":"A raz\u00e3o pela qual Highschool of the Dead n\u00e3o ter\u00e1 uma segunda temporada - Animan Geek","robots":{"index":"index","follow":"follow","max-snippet":"max-snippet:-1","max-image-preview":"max-image-preview:large","max-video-preview":"max-video-preview:-1"},"canonical":"https:\/\/animangeek.com\/es_es\/a-razao-pela-qual-highschool-of-the-dead-nao-tera-uma-segunda-temporada\/","og_locale":"es_ES","og_type":"article","og_title":"A raz\u00e3o pela qual Highschool of the Dead n\u00e3o ter\u00e1 uma segunda temporada - Animan Geek","og_description":"Escola Secund\u00e1ria dos Mortos Tornou-se uma hist\u00f3ria bastante popular e por isso, mesmo depois de mais de dez anos ap\u00f3s a transmiss\u00e3o de sua adapta\u00e7\u00e3o para anime, muitos f\u00e3s ainda aguardam a confirma\u00e7\u00e3o de uma continua\u00e7\u00e3o; Por\u00e9m, o tempo passou e n\u00e3o h\u00e1 not\u00edcias sobre isso. Muitos mais afirmam que n\u00e3o \u00e9 mais poss\u00edvel ter&hellip; Continue reading A raz\u00e3o pela qual Highschool of the Dead n\u00e3o ter\u00e1 uma segunda temporada","og_url":"https:\/\/animangeek.com\/es_es\/a-razao-pela-qual-highschool-of-the-dead-nao-tera-uma-segunda-temporada\/","og_site_name":"Animan Geek","article_published_time":"2024-08-14T20:15:51+00:00","og_image":[{"width":1280,"height":720,"url":"https:\/\/animangeek.com\/wp-content\/uploads\/sites\/106\/2024\/08\/A-razao-pela-qual-Highschool-of-the-Dead-nao-tera.webp.webp","type":"image\/webp"}],"twitter_card":"summary_large_image","twitter_misc":{"Est. reading time":"3 minutos"},"schema":{"@context":"https:\/\/schema.org","@graph":[{"@type":"WebPage","@id":"https:\/\/animangeek.com\/a-razao-pela-qual-highschool-of-the-dead-nao-tera-uma-segunda-temporada\/","url":"https:\/\/animangeek.com\/a-razao-pela-qual-highschool-of-the-dead-nao-tera-uma-segunda-temporada\/","name":"A raz\u00e3o pela qual Highschool of the Dead n\u00e3o ter\u00e1 uma segunda temporada - Animan Geek","isPartOf":{"@id":"https:\/\/animangeek.com\/#website"},"primaryImageOfPage":{"@id":"https:\/\/animangeek.com\/a-razao-pela-qual-highschool-of-the-dead-nao-tera-uma-segunda-temporada\/#primaryimage"},"image":{"@id":"https:\/\/animangeek.com\/a-razao-pela-qual-highschool-of-the-dead-nao-tera-uma-segunda-temporada\/#primaryimage"},"thumbnailUrl":"https:\/\/animangeek.com\/wp-content\/uploads\/sites\/106\/2024\/08\/A-razao-pela-qual-Highschool-of-the-Dead-nao-tera.webp.webp","datePublished":"2024-08-14T20:15:51+00:00","dateModified":"2024-08-14T20:15:51+00:00","author":{"@id":""},"breadcrumb":{"@id":"https:\/\/animangeek.com\/a-razao-pela-qual-highschool-of-the-dead-nao-tera-uma-segunda-temporada\/#breadcrumb"},"inLanguage":"es","potentialAction":[{"@type":"ReadAction","target":["https:\/\/animangeek.com\/a-razao-pela-qual-highschool-of-the-dead-nao-tera-uma-segunda-temporada\/"]}]},{"@type":"ImageObject","inLanguage":"es","@id":"https:\/\/animangeek.com\/a-razao-pela-qual-highschool-of-the-dead-nao-tera-uma-segunda-temporada\/#primaryimage","url":"https:\/\/animangeek.com\/wp-content\/uploads\/sites\/106\/2024\/08\/A-razao-pela-qual-Highschool-of-the-Dead-nao-tera.webp.webp","contentUrl":"https:\/\/animangeek.com\/wp-content\/uploads\/sites\/106\/2024\/08\/A-razao-pela-qual-Highschool-of-the-Dead-nao-tera.webp.webp","width":1280,"height":720},{"@type":"BreadcrumbList","@id":"https:\/\/animangeek.com\/a-razao-pela-qual-highschool-of-the-dead-nao-tera-uma-segunda-temporada\/#breadcrumb","itemListElement":[{"@type":"ListItem","position":1,"name":"Home","item":"https:\/\/animangeek.com\/"},{"@type":"ListItem","position":2,"name":"A raz\u00e3o pela qual Highschool of the Dead n\u00e3o ter\u00e1 uma segunda temporada"}]},{"@type":"WebSite","@id":"https:\/\/animangeek.com\/#website","url":"https:\/\/animangeek.com\/","name":"Animan Geek","description":"","potentialAction":[{"@type":"SearchAction","target":{"@type":"EntryPoint","urlTemplate":"https:\/\/animangeek.com\/?s={search_term_string}"},"query-input":"required name=search_term_string"}],"inLanguage":"es"}]}},"_links":{"self":[{"href":"https:\/\/animangeek.com\/es_es\/wp-json\/wp\/v2\/posts\/17227"}],"collection":[{"href":"https:\/\/animangeek.com\/es_es\/wp-json\/wp\/v2\/posts"}],"about":[{"href":"https:\/\/animangeek.com\/es_es\/wp-json\/wp\/v2\/types\/post"}],"replies":[{"embeddable":true,"href":"https:\/\/animangeek.com\/es_es\/wp-json\/wp\/v2\/comments?post=17227"}],"version-history":[{"count":0,"href":"https:\/\/animangeek.com\/es_es\/wp-json\/wp\/v2\/posts\/17227\/revisions"}],"wp:featuredmedia":[{"embeddable":true,"href":"https:\/\/animangeek.com\/es_es\/wp-json\/wp\/v2\/media\/17228"}],"wp:attachment":[{"href":"https:\/\/animangeek.com\/es_es\/wp-json\/wp\/v2\/media?parent=17227"}],"wp:term":[{"taxonomy":"category","embeddable":true,"href":"https:\/\/animangeek.com\/es_es\/wp-json\/wp\/v2\/categories?post=17227"},{"taxonomy":"post_tag","embeddable":true,"href":"https:\/\/animangeek.com\/es_es\/wp-json\/wp\/v2\/tags?post=17227"}],"curies":[{"name":"wp","href":"https:\/\/api.w.org\/{rel}","templated":true}]}}