{"id":17495,"date":"2024-08-17T12:05:12","date_gmt":"2024-08-17T15:05:12","guid":{"rendered":"https:\/\/animangeek.com\/a-nova-waifu-da-america-latina-acabou-por-ser-do-brasil\/"},"modified":"2024-08-17T12:05:12","modified_gmt":"2024-08-17T15:05:12","slug":"a-nova-waifu-da-america-latina-acabou-por-ser-do-brasil","status":"publish","type":"post","link":"https:\/\/animangeek.com\/es_es\/a-nova-waifu-da-america-latina-acabou-por-ser-do-brasil\/","title":{"rendered":"La nueva waifu de Latinoam\u00e9rica result\u00f3 ser de Brasil"},"content":{"rendered":"<div class=\"mx-5 sm:mx-0 prose text-left mb-5\">\n<div>\n<p>El autor de la pr\u00f3xima novela ligera de comedia rom\u00e1ntica \u201c<strong>Kasshoku Musume no Latina-san ni Ore no Karada ga Nerawarete iru<\/strong> (<em>Latina-san de color casta\u00f1o oscuro est\u00e1 apuntando a mi cuerpo.<\/em>)\u201d sorprendi\u00f3 a sus seguidores al revelar detalles en Twitter sobre el origen latino de la protagonista. <strong>Seg\u00fan la autora, Latina es originaria de la regi\u00f3n amaz\u00f3nica y su segunda lengua es el portugu\u00e9s, lo que confirma que es originaria de Brasil.<\/strong> Esta revelaci\u00f3n gener\u00f3 una ola de reacciones en las redes sociales, donde la telenovela ya hab\u00eda llamado la atenci\u00f3n de los fan\u00e1ticos, quienes especulaban que latina podr\u00eda provenir de alg\u00fan pa\u00eds de habla hispana, como Per\u00fa, Colombia o cualquier otro de la regi\u00f3n.<\/p>\n<p>El autor, a trav\u00e9s de su cuenta de Twitter, comparti\u00f3 el siguiente mensaje:<\/p>\n<ul>\n<li>\u00ab<em>Yo soy el autor. <strong>En cuanto a esta hero\u00edna, es de origen ind\u00edgena amaz\u00f3nico y su segunda lengua es el portugu\u00e9s. Eleg\u00ed el nombre \u00abLatina\u00bb de una lista de nombres femeninos representativos de Sudam\u00e9rica que la IA sugiri\u00f3 cuando pregunt\u00e9. <\/strong>No esperaba que fuera una palabra que representara a las mujeres latinas en general.<\/em>\u00bb.<\/li>\n<\/ul>\n<div class=\"wp-block-image\">\n<figure class=\"aligncenter size-full\"><img loading=\"lazy\" decoding=\"async\" width=\"1200\" height=\"627\" src=\"https:\/\/animangeek.com\/wp-content\/uploads\/2024\/08\/A-nova-waifu-da-America-Latina-acabou-por-ser-do.jpg\" alt=\"\" class=\"wp-image-335366\"  \/><figcaption class=\"wp-element-caption\">\u00a9\u5cb8\u99ac\u304d\u3089\u304f\/TWITTER<\/figcaption><\/figure>\n<\/div>\n<ul>\n<li>\u00ab<em>Es originaria de Sudam\u00e9rica. Sin embargo, al ser una mujer ind\u00edgena amaz\u00f3nica, creo que la interacci\u00f3n cultural con los protagonistas ser\u00e1 el enfoque principal. <strong>A\u00fan as\u00ed, podr\u00eda ser interesante incluir a una amiga de Brasil, donde la hero\u00edna vivi\u00f3 durante un tiempo.<\/strong><\/em>\u00bb.<\/li>\n<\/ul>\n<div class=\"wp-block-image\">\n<figure class=\"aligncenter size-full\"><img loading=\"lazy\" decoding=\"async\" width=\"1200\" height=\"627\" src=\"https:\/\/animangeek.com\/wp-content\/uploads\/2024\/08\/1723907112_641_A-nova-waifu-da-America-Latina-acabou-por-ser-do.jpg\" alt=\"\" class=\"wp-image-335365\"  \/><figcaption class=\"wp-element-caption\">\u00a9\u5cb8\u99ac\u304d\u3089\u304f\/TWITTER<\/figcaption><\/figure>\n<\/div>\n<p>La historia de \u201cThe Dark Brown Latina-san is Aiming for My Body\u201d sigue a Makoto Itou, un estudiante de secundaria con una vida aparentemente normal. <strong>Su mundo cambia dr\u00e1sticamente cuando conoce a Latina, una alegre estudiante de intercambio de piel bronceada que irradia energ\u00eda.<\/strong> Desde su primer encuentro, cuando Makoto la rescata de un atacante, Latina toma una decisi\u00f3n audaz: le propone matrimonio a Makoto e insiste en que deber\u00edan tener un hijo juntos. <strong>Este giro inesperado de los acontecimientos en la vida del protagonista marca el inicio de una serie de situaciones c\u00f3micas y cautivadoras, mientras Makoto intenta adaptarse a esta nueva realidad y superar un fracaso significativo en su vida escolar.<\/strong><\/p>\n<p>La revelaci\u00f3n de la ascendencia brasile\u00f1a de Latina gener\u00f3 r\u00e1pidamente cr\u00edticas generalizadas en redes sociales. Algunos celebraron la inclusi\u00f3n de Brasil en el contenido japon\u00e9s, mientras que otros expresaron su decepci\u00f3n por la falta de originalidad en la elecci\u00f3n del pa\u00eds de origen de la protagonista.<em><strong>Parece que los japoneses piensan que en Am\u00e9rica s\u00f3lo existen Brasil y Estados Unidos.<\/strong><\/em>\u201ccoment\u00f3 un usuario.\u201d<em><strong>Siempre son de Brasil<\/strong><\/em>\u201cdijo otro con frustraci\u00f3n.\u201d<em><strong>Siempre que meten a Latinoam\u00e9rica en un anime o manga, meten jungla y cultos sat\u00e1nicos.<\/strong><\/em>\u201ca\u00f1adi\u00f3 un tercero, refiri\u00e9ndose a los estereotipos comunes en la representaci\u00f3n de la regi\u00f3n en los medios japoneses.<\/p>\n<p>Por otro lado, hubo quienes defendieron la decisi\u00f3n del autor, argumentando que hacer al protagonista originario de Brasil evita una posible pol\u00e9mica mayor.<em><strong>Predecible y mejor. Si hubiera sido de cualquier otro pa\u00eds latinoamericano, la controversia habr\u00eda sido mayor.<\/strong><\/em>\u201c, coment\u00f3 un usuario, haciendo hincapi\u00e9 en la rivalidad que existe entre usuarios de distintos pa\u00edses de Latinoam\u00e9rica en Internet.<\/p>\n<div class=\"wp-block-image\">\n<figure class=\"aligncenter size-full\"><img loading=\"lazy\" decoding=\"async\" width=\"1682\" height=\"2400\" src=\"https:\/\/animangeek.com\/wp-content\/uploads\/2024\/08\/1723907112_220_A-nova-waifu-da-America-Latina-acabou-por-ser-do.jpg\" alt=\"\" class=\"wp-image-335368\"  \/><figcaption class=\"wp-element-caption\">\u00a9\u8457\u8005\uff1a\u5cb8\u99ac \u304d\u3089\u304f\/\u753b\uff1a\u304a\u308a\u3087\u3046\/SHUEISHA<\/figcaption><\/figure>\n<\/div>\n<p>En cualquier caso, la anticipaci\u00f3n por la novela ligera contin\u00faa creciendo y <strong>Ser\u00e1 interesante ver c\u00f3mo se desarrolla la historia de Makoto y Latina en un contexto que, aunque aparentemente familiar, puede ofrecer m\u00e1s sorpresas de las esperadas.<\/strong>Mientras tanto, los fan\u00e1ticos seguir\u00e1n debatiendo la elecci\u00f3n del autor y lo que significa para la representaci\u00f3n de Am\u00e9rica Latina en el mundo del anime y el manga.<\/p>\n<p>Fuente: <strong><a rel=\"nofollow noopener\" target=\"_blank\" href=\"https:\/\/x.com\/ej3lHqlQqk3WIsr\/status\/1824657747440439363\">Cuenta oficial de Twitter<\/a><\/strong><\/p>\n<\/div>\n<\/div>","protected":false},"excerpt":{"rendered":"<p>El autor de la pr\u00f3xima novela ligera de comedia rom\u00e1ntica &quot;Kasshoku Musume no Latina-san ni Ore no Karada ga Nerawarete iru (Latina-san morena busca mi cuerpo)&quot; sorprendi\u00f3 a sus seguidores al revelar detalles sobre el origen de la protagonista en Twitter. Seg\u00fan el autor, Latina es originaria de la regi\u00f3n amaz\u00f3nica y su segundo... <a class=\"more-link\" href=\"https:\/\/animangeek.com\/es_es\/a-nova-waifu-da-america-latina-acabou-por-ser-do-brasil\/\">Sigue leyendo <span class=\"screen-reader-text\">La nueva waifu de Latinoam\u00e9rica result\u00f3 ser de Brasil<\/span><\/a><\/p>","protected":false},"author":0,"featured_media":17496,"comment_status":"open","ping_status":"open","sticky":false,"template":"","format":"standard","meta":{"footnotes":""},"categories":[5],"tags":[812,1449],"yoast_head":"<!-- This site is optimized with the Yoast SEO plugin v23.3 - https:\/\/yoast.com\/wordpress\/plugins\/seo\/ -->\n<title>A nova waifu da Am\u00e9rica Latina acabou por ser do Brasil - Animan Geek<\/title>\n<meta name=\"robots\" content=\"index, follow, max-snippet:-1, max-image-preview:large, max-video-preview:-1\" \/>\n<link rel=\"canonical\" href=\"https:\/\/animangeek.com\/es_es\/a-nova-waifu-da-america-latina-acabou-por-ser-do-brasil\/\" \/>\n<meta property=\"og:locale\" content=\"es_ES\" \/>\n<meta property=\"og:type\" content=\"article\" \/>\n<meta property=\"og:title\" content=\"A nova waifu da Am\u00e9rica Latina acabou por ser do Brasil - Animan Geek\" \/>\n<meta property=\"og:description\" content=\"O autor do pr\u00f3ximo romance leve de com\u00e9dia rom\u00e2ntica \u201cKasshoku Musume no Latina-san ni Ore no Karada ga Nerawarete iru (A Dark Brown Latina-san est\u00e1 mirando no meu corpo)\u201d surpreendeu seus seguidores ao revelar no Twitter detalhes sobre a origem da protagonista, Latina. Segundo a autora, Latina \u00e9 origin\u00e1ria da regi\u00e3o amaz\u00f4nica e sua segunda&hellip; Continue reading A nova waifu da Am\u00e9rica Latina acabou por ser do Brasil\" \/>\n<meta property=\"og:url\" content=\"https:\/\/animangeek.com\/es_es\/a-nova-waifu-da-america-latina-acabou-por-ser-do-brasil\/\" \/>\n<meta property=\"og:site_name\" content=\"Animan Geek\" \/>\n<meta property=\"article:published_time\" content=\"2024-08-17T15:05:12+00:00\" \/>\n<meta property=\"og:image\" content=\"https:\/\/animangeek.com\/wp-content\/uploads\/sites\/106\/2024\/08\/1723907113_A-nova-waifu-da-America-Latina-acabou-por-ser-do.jpg\" \/>\n\t<meta property=\"og:image:width\" content=\"1920\" \/>\n\t<meta property=\"og:image:height\" content=\"1080\" \/>\n\t<meta property=\"og:image:type\" content=\"image\/jpeg\" \/>\n<meta name=\"twitter:card\" content=\"summary_large_image\" \/>\n<meta name=\"twitter:label1\" content=\"Est. reading time\" \/>\n\t<meta name=\"twitter:data1\" content=\"3 minutos\" \/>\n<script type=\"application\/ld+json\" class=\"yoast-schema-graph\">{\"@context\":\"https:\/\/schema.org\",\"@graph\":[{\"@type\":\"WebPage\",\"@id\":\"https:\/\/animangeek.com\/a-nova-waifu-da-america-latina-acabou-por-ser-do-brasil\/\",\"url\":\"https:\/\/animangeek.com\/a-nova-waifu-da-america-latina-acabou-por-ser-do-brasil\/\",\"name\":\"A nova waifu da Am\u00e9rica Latina acabou por ser do Brasil - Animan Geek\",\"isPartOf\":{\"@id\":\"https:\/\/animangeek.com\/#website\"},\"primaryImageOfPage\":{\"@id\":\"https:\/\/animangeek.com\/a-nova-waifu-da-america-latina-acabou-por-ser-do-brasil\/#primaryimage\"},\"image\":{\"@id\":\"https:\/\/animangeek.com\/a-nova-waifu-da-america-latina-acabou-por-ser-do-brasil\/#primaryimage\"},\"thumbnailUrl\":\"https:\/\/animangeek.com\/wp-content\/uploads\/sites\/106\/2024\/08\/1723907113_A-nova-waifu-da-America-Latina-acabou-por-ser-do.jpg\",\"datePublished\":\"2024-08-17T15:05:12+00:00\",\"dateModified\":\"2024-08-17T15:05:12+00:00\",\"author\":{\"@id\":\"\"},\"breadcrumb\":{\"@id\":\"https:\/\/animangeek.com\/a-nova-waifu-da-america-latina-acabou-por-ser-do-brasil\/#breadcrumb\"},\"inLanguage\":\"es\",\"potentialAction\":[{\"@type\":\"ReadAction\",\"target\":[\"https:\/\/animangeek.com\/a-nova-waifu-da-america-latina-acabou-por-ser-do-brasil\/\"]}]},{\"@type\":\"ImageObject\",\"inLanguage\":\"es\",\"@id\":\"https:\/\/animangeek.com\/a-nova-waifu-da-america-latina-acabou-por-ser-do-brasil\/#primaryimage\",\"url\":\"https:\/\/animangeek.com\/wp-content\/uploads\/sites\/106\/2024\/08\/1723907113_A-nova-waifu-da-America-Latina-acabou-por-ser-do.jpg\",\"contentUrl\":\"https:\/\/animangeek.com\/wp-content\/uploads\/sites\/106\/2024\/08\/1723907113_A-nova-waifu-da-America-Latina-acabou-por-ser-do.jpg\",\"width\":1920,\"height\":1080},{\"@type\":\"BreadcrumbList\",\"@id\":\"https:\/\/animangeek.com\/a-nova-waifu-da-america-latina-acabou-por-ser-do-brasil\/#breadcrumb\",\"itemListElement\":[{\"@type\":\"ListItem\",\"position\":1,\"name\":\"Home\",\"item\":\"https:\/\/animangeek.com\/\"},{\"@type\":\"ListItem\",\"position\":2,\"name\":\"A nova waifu da Am\u00e9rica Latina acabou por ser do Brasil\"}]},{\"@type\":\"WebSite\",\"@id\":\"https:\/\/animangeek.com\/#website\",\"url\":\"https:\/\/animangeek.com\/\",\"name\":\"Animan Geek\",\"description\":\"\",\"potentialAction\":[{\"@type\":\"SearchAction\",\"target\":{\"@type\":\"EntryPoint\",\"urlTemplate\":\"https:\/\/animangeek.com\/?s={search_term_string}\"},\"query-input\":\"required name=search_term_string\"}],\"inLanguage\":\"es\"}]}<\/script>\n<!-- \/ Yoast SEO plugin. -->","yoast_head_json":{"title":"A nova waifu da Am\u00e9rica Latina acabou por ser do Brasil - Animan Geek","robots":{"index":"index","follow":"follow","max-snippet":"max-snippet:-1","max-image-preview":"max-image-preview:large","max-video-preview":"max-video-preview:-1"},"canonical":"https:\/\/animangeek.com\/es_es\/a-nova-waifu-da-america-latina-acabou-por-ser-do-brasil\/","og_locale":"es_ES","og_type":"article","og_title":"A nova waifu da Am\u00e9rica Latina acabou por ser do Brasil - Animan Geek","og_description":"O autor do pr\u00f3ximo romance leve de com\u00e9dia rom\u00e2ntica \u201cKasshoku Musume no Latina-san ni Ore no Karada ga Nerawarete iru (A Dark Brown Latina-san est\u00e1 mirando no meu corpo)\u201d surpreendeu seus seguidores ao revelar no Twitter detalhes sobre a origem da protagonista, Latina. Segundo a autora, Latina \u00e9 origin\u00e1ria da regi\u00e3o amaz\u00f4nica e sua segunda&hellip; Continue reading A nova waifu da Am\u00e9rica Latina acabou por ser do Brasil","og_url":"https:\/\/animangeek.com\/es_es\/a-nova-waifu-da-america-latina-acabou-por-ser-do-brasil\/","og_site_name":"Animan Geek","article_published_time":"2024-08-17T15:05:12+00:00","og_image":[{"width":1920,"height":1080,"url":"https:\/\/animangeek.com\/wp-content\/uploads\/sites\/106\/2024\/08\/1723907113_A-nova-waifu-da-America-Latina-acabou-por-ser-do.jpg","type":"image\/jpeg"}],"twitter_card":"summary_large_image","twitter_misc":{"Est. reading time":"3 minutos"},"schema":{"@context":"https:\/\/schema.org","@graph":[{"@type":"WebPage","@id":"https:\/\/animangeek.com\/a-nova-waifu-da-america-latina-acabou-por-ser-do-brasil\/","url":"https:\/\/animangeek.com\/a-nova-waifu-da-america-latina-acabou-por-ser-do-brasil\/","name":"A nova waifu da Am\u00e9rica Latina acabou por ser do Brasil - Animan Geek","isPartOf":{"@id":"https:\/\/animangeek.com\/#website"},"primaryImageOfPage":{"@id":"https:\/\/animangeek.com\/a-nova-waifu-da-america-latina-acabou-por-ser-do-brasil\/#primaryimage"},"image":{"@id":"https:\/\/animangeek.com\/a-nova-waifu-da-america-latina-acabou-por-ser-do-brasil\/#primaryimage"},"thumbnailUrl":"https:\/\/animangeek.com\/wp-content\/uploads\/sites\/106\/2024\/08\/1723907113_A-nova-waifu-da-America-Latina-acabou-por-ser-do.jpg","datePublished":"2024-08-17T15:05:12+00:00","dateModified":"2024-08-17T15:05:12+00:00","author":{"@id":""},"breadcrumb":{"@id":"https:\/\/animangeek.com\/a-nova-waifu-da-america-latina-acabou-por-ser-do-brasil\/#breadcrumb"},"inLanguage":"es","potentialAction":[{"@type":"ReadAction","target":["https:\/\/animangeek.com\/a-nova-waifu-da-america-latina-acabou-por-ser-do-brasil\/"]}]},{"@type":"ImageObject","inLanguage":"es","@id":"https:\/\/animangeek.com\/a-nova-waifu-da-america-latina-acabou-por-ser-do-brasil\/#primaryimage","url":"https:\/\/animangeek.com\/wp-content\/uploads\/sites\/106\/2024\/08\/1723907113_A-nova-waifu-da-America-Latina-acabou-por-ser-do.jpg","contentUrl":"https:\/\/animangeek.com\/wp-content\/uploads\/sites\/106\/2024\/08\/1723907113_A-nova-waifu-da-America-Latina-acabou-por-ser-do.jpg","width":1920,"height":1080},{"@type":"BreadcrumbList","@id":"https:\/\/animangeek.com\/a-nova-waifu-da-america-latina-acabou-por-ser-do-brasil\/#breadcrumb","itemListElement":[{"@type":"ListItem","position":1,"name":"Home","item":"https:\/\/animangeek.com\/"},{"@type":"ListItem","position":2,"name":"A nova waifu da Am\u00e9rica Latina acabou por ser do Brasil"}]},{"@type":"WebSite","@id":"https:\/\/animangeek.com\/#website","url":"https:\/\/animangeek.com\/","name":"Animan Geek","description":"","potentialAction":[{"@type":"SearchAction","target":{"@type":"EntryPoint","urlTemplate":"https:\/\/animangeek.com\/?s={search_term_string}"},"query-input":"required name=search_term_string"}],"inLanguage":"es"}]}},"_links":{"self":[{"href":"https:\/\/animangeek.com\/es_es\/wp-json\/wp\/v2\/posts\/17495"}],"collection":[{"href":"https:\/\/animangeek.com\/es_es\/wp-json\/wp\/v2\/posts"}],"about":[{"href":"https:\/\/animangeek.com\/es_es\/wp-json\/wp\/v2\/types\/post"}],"replies":[{"embeddable":true,"href":"https:\/\/animangeek.com\/es_es\/wp-json\/wp\/v2\/comments?post=17495"}],"version-history":[{"count":0,"href":"https:\/\/animangeek.com\/es_es\/wp-json\/wp\/v2\/posts\/17495\/revisions"}],"wp:featuredmedia":[{"embeddable":true,"href":"https:\/\/animangeek.com\/es_es\/wp-json\/wp\/v2\/media\/17496"}],"wp:attachment":[{"href":"https:\/\/animangeek.com\/es_es\/wp-json\/wp\/v2\/media?parent=17495"}],"wp:term":[{"taxonomy":"category","embeddable":true,"href":"https:\/\/animangeek.com\/es_es\/wp-json\/wp\/v2\/categories?post=17495"},{"taxonomy":"post_tag","embeddable":true,"href":"https:\/\/animangeek.com\/es_es\/wp-json\/wp\/v2\/tags?post=17495"}],"curies":[{"name":"wp","href":"https:\/\/api.w.org\/{rel}","templated":true}]}}