{"id":18114,"date":"2024-08-29T22:44:59","date_gmt":"2024-08-30T01:44:59","guid":{"rendered":"https:\/\/animangeek.com\/criticas-surgem-em-relacao-ao-climax-de-jujutsu-kaisen\/"},"modified":"2024-08-29T22:44:59","modified_gmt":"2024-08-30T01:44:59","slug":"criticas-surgem-em-relacao-ao-climax-de-jujutsu-kaisen","status":"publish","type":"post","link":"https:\/\/animangeek.com\/es_es\/criticas-surgem-em-relacao-ao-climax-de-jujutsu-kaisen\/","title":{"rendered":"Surgen cr\u00edticas sobre el cl\u00edmax de Jujutsu Kaisen"},"content":{"rendered":"<div class=\"mx-5 sm:mx-0 prose text-left mb-5\">\n<div>\n<p class=\"has-text-align-center has-white-color has-vivid-red-background-color has-text-color has-background has-link-color wp-elements-2111c33e521cc5b9b067600a88d655b3\"><strong>Este art\u00edculo contiene spoilers del manga &quot;Jujutsu Kaisen&quot;. Se recomienda discreci\u00f3n al lector.<\/strong><\/p>\n<p>El cap\u00edtulo recientemente filtrado de \u201c<strong>Jujutsu Kaisen<\/strong>\u201cGener\u00f3 una intensa pol\u00e9mica entre los fan\u00e1ticos de la popular serie, dejando a la comunidad dividida. <strong>El cap\u00edtulo, que marca el final de la batalla contra Ryomen Sukuna y su aparente muerte final, adem\u00e1s del esperado regreso de Megumi Fushiguro y Nobara Kugisaki al tr\u00edo protagonista, fue duramente criticado por muchos fan\u00e1ticos que consideraron el desenlace de mal gusto y apresurado.<\/strong> Sin embargo, algunos han defendido al autor Gege Akutami, argumentando que la narrativa sigue siendo coherente con la historia que construy\u00f3.<\/p>\n<div class=\"wp-block-image\">\n<figure class=\"aligncenter size-full\"><img loading=\"lazy\" decoding=\"async\" width=\"1280\" height=\"720\" src=\"http:\/\/animangeek.com\/wp-content\/uploads\/sites\/106\/2024\/08\/Criticas-surgem-em-relacao-ao-climax-de-Jujutsu-Kaisen.png\" alt=\"Jujutsu Kaisen\" class=\"wp-image-335978\"  \/><\/figure>\n<\/div>\n<p>El cap\u00edtulo filtrado revela el regreso de Megumi Fushiguro, quien estuvo ausente debido a la posesi\u00f3n de Sukuna, permitiendo a los fan\u00e1ticos ver al tr\u00edo principal reunido nuevamente con Nobara y Yuji Itadori. <strong>Este acontecimiento, que en otros contextos podr\u00eda haber sido motivo de celebraci\u00f3n, fue recibido con una ola de cr\u00edticas debido a la forma en que se llev\u00f3 a cabo la batalla final contra Sukuna.<\/strong><\/p>\n<p>La aparente muerte final de Sukuna, quien ha sido uno de los villanos m\u00e1s formidables de la serie, tambi\u00e9n gener\u00f3 controversia. <strong>Si bien algunos fan\u00e1ticos consideran que su p\u00e9rdida fue un cierre apropiado, otros sienten que la resoluci\u00f3n fue abrupta y no tuvo el impacto emocional que esperaban.<\/strong>Especialmente despu\u00e9s de meses de anticipaci\u00f3n en torno a este choque.<\/p>\n<ul>\n<li>\u00ab<em>Ese fue el final m\u00e1s r\u00e1pido de la historia. Dios m\u00edo, s\u00e9 que quedan tres cap\u00edtulos, pero aun as\u00ed, no me lo esperaba.<\/em>\u00bb.<\/li>\n<li>\u00ab<em>Vi a alguien decir que todav\u00eda espera que Gojo regrese... si Gojo regresa, este ser\u00e1 mi primer manga con una calificaci\u00f3n de 0\/10<\/em>\u00bb.<\/li>\n<li>\u00ab<em>Solo por curiosidad, \u00bfqu\u00e9 lo habr\u00eda mejorado? \u00bfO qu\u00e9 crees que lo hizo tan malo como dicen?<\/em>\u00bb.<\/li>\n<li>\u00ab<em>Me gusta Jujutsu Kaisen, pero este cap\u00edtulo me hace no querer ni leer los 2 \u00faltimos<\/em>\u00bb.<\/li>\n<li>\u00ab<em>En el momento en que Gojo fue asesinado fuera de la pantalla, supe que el manga iba a empeorar a partir de ah\u00ed.<\/em>\u00bb.<\/li>\n<li>\u00ab<em>Soy fan de Jujutsu Kaisen y s\u00e9 que este final no es el mejor, es una mierda.<\/em>\u00bb.<\/li>\n<li>\u00ab<em>Todo el manga fue genial, pero despu\u00e9s de ver estas filtraciones, es brutal.<\/em>\u00bb.<\/li>\n<li>\u00ab<em>Quiero decir que no hay buenas series de nueva generaci\u00f3n.<\/em>\u00bb.<\/li>\n<li>\u00ab<em>\u00bfNo ser\u00eda una locura que Gege nos sorprendiera con los \u00faltimos tres cap\u00edtulos? No s\u00e9 c\u00f3mo podr\u00eda hacerlo. Pero recuerda, todav\u00eda le queda un dedo. \u00bfAcaso Sukuna no est\u00e1 terminado? Podr\u00eda pasar algo como en la Saga de Vinland: &quot;No tengo enemigos&quot;.<\/em>\u00bb.<\/li>\n<li>\u00ab<em>Trataron muy mal a Uraume y Hakari. Pero me gust\u00f3 el final de Sukuna.<\/em>\u00bb.<\/li>\n<li>\u00ab<em>Gojo no regres\u00f3 para 1% y tambi\u00e9n creo que necesitaba que el autor jugara con bromas.<\/em>\u00bb.<\/li>\n<li>\u00ab<em>Estoy llorando, no puedo creer que casi un a\u00f1o antes de que terminara con Uraume suicid\u00e1ndose<\/em>\u00bb.<\/li>\n<li>\u00ab<em>ESTO NO PUEDE ESTAR PASANDO, \u00bfQU\u00c9 DEMONIOS ES ESTO, GEGE?<\/em>\u00bb.<\/li>\n<li>\u00ab<em>\u00bfC\u00d3MO TUVO JUJUTSU KAISEN UN PEOR FINAL QUE ATTACK ON TITAN, DEMON SLAYER Y MY HERO ACADEMIA JUNTOS? DIOS M\u00cdO, \u00bfQU\u00c9 DEMONIOS, GEGE?<\/em>\u00bb.<\/li>\n<li>\u00ab<em>Mis sentimientos, despu\u00e9s del final de My Hero Academia me sent\u00ed como un fan de los villanos... Solo s\u00e9 que Sukuna fue realmente un gran villano principal y uno de los mejores de todos los tiempos.<\/em>\u00bb.<\/li>\n<li>\u00ab<em>Exijo la cabeza de quien le tir\u00f3 mierda a My Hero Academia y defiende esta cosa.<\/em>\u00bb.<\/li>\n<li>\u00ab<em>S\u00ed, es muy malo. Mira, Naruto con Pain ten\u00eda una justificaci\u00f3n bien escrita para perdonar a Nagato, y aun as\u00ed la gente lo critic\u00f3. Esto es pura basura, y ver\u00e9 c\u00f3mo la gente lo justifica. Ya no soporto las falsificaciones.<\/em>\u00bb.<\/li>\n<li>\u00ab<em>Pero lo de Deku con Shigaraki fue algo que se discuti\u00f3 durante toda la obra, si te gusta m\u00e1s o menos es cosa tuya, pero nunca se toc\u00f3 el tema y espera, ya ver\u00e1s como lo defender\u00e1n.<\/em>\u00bb.<\/li>\n<li>\u00ab<em>Lo que me parece gracioso de Jujutsu Kaisen es que, al final, Gege no tuvo el coraje de matar a su elenco principal. En otras palabras, todos los que murieron en la batalla eran personajes muy recientes o alguien que estaba destinado a morir. Literalmente, ninguno de los personajes principales muere. \u00bfEs el monstruo despiadado que todos cre\u00edan que era? No pod\u00eda dejar muertas a Nobara, Megumi e incluso a Yuji.<\/em>\u00bb.<\/li>\n<li>\u00ab<em>Matamos a Kimetsu no Yaiba por menos. Pero al final, siempre fue la esperanza del shonen. Gracias por tanto, Kimetsu, y perd\u00f3n por tan poco.<\/em>\u00bb.<\/li>\n<\/ul>\n<p>Fuente: <strong><a rel=\"nofollow noopener\" target=\"_blank\" href=\"https:\/\/x.com\/search?q=%23jjk268&amp;src=typeahead_click\">Gorjeo<\/a><\/strong><\/p>\n<\/div>\n<\/div>","protected":false},"excerpt":{"rendered":"<p>Este art\u00edculo contiene spoilers del manga &quot;Jujutsu Kaisen&quot;. Se recomienda discreci\u00f3n al lector. El cap\u00edtulo filtrado recientemente de &quot;Jujutsu Kaisen&quot; ha generado una intensa controversia entre los fans de la popular serie, generando divisi\u00f3n en la comunidad. El cap\u00edtulo, que marca el final de la batalla contra Ryomen Sukuna y su aparente muerte definitiva, as\u00ed como el esperado regreso de... <a class=\"more-link\" href=\"https:\/\/animangeek.com\/es_es\/criticas-surgem-em-relacao-ao-climax-de-jujutsu-kaisen\/\">Sigue leyendo <span class=\"screen-reader-text\">Surgen cr\u00edticas sobre el cl\u00edmax de Jujutsu Kaisen<\/span><\/a><\/p>","protected":false},"author":0,"featured_media":18115,"comment_status":"open","ping_status":"open","sticky":false,"template":"","format":"standard","meta":{"footnotes":""},"categories":[5],"tags":[789,1449],"yoast_head":"<!-- This site is optimized with the Yoast SEO plugin v23.3 - https:\/\/yoast.com\/wordpress\/plugins\/seo\/ -->\n<title>Cr\u00edticas surgem em rela\u00e7\u00e3o ao cl\u00edmax de Jujutsu Kaisen - Animan Geek<\/title>\n<meta name=\"robots\" content=\"index, follow, max-snippet:-1, max-image-preview:large, max-video-preview:-1\" \/>\n<link rel=\"canonical\" href=\"https:\/\/animangeek.com\/es_es\/criticas-surgem-em-relacao-ao-climax-de-jujutsu-kaisen\/\" \/>\n<meta property=\"og:locale\" content=\"es_ES\" \/>\n<meta property=\"og:type\" content=\"article\" \/>\n<meta property=\"og:title\" content=\"Cr\u00edticas surgem em rela\u00e7\u00e3o ao cl\u00edmax de Jujutsu Kaisen - Animan Geek\" \/>\n<meta property=\"og:description\" content=\"Este artigo inclui spoilers do mang\u00e1 \u201cJujutsu Kaisen\u201d. A discri\u00e7\u00e3o do leitor \u00e9 aconselhada. O recente cap\u00edtulo vazado de \u201cJujutsu Kaisen\u201dGerou intensa pol\u00eamica entre os f\u00e3s da popular s\u00e9rie, deixando a comunidade dividida. O cap\u00edtulo, que marca o fim da batalha contra Ryomen Sukuna e sua aparente morte final, al\u00e9m do t\u00e3o aguardado retorno de&hellip; Continue reading Cr\u00edticas surgem em rela\u00e7\u00e3o ao cl\u00edmax de Jujutsu Kaisen\" \/>\n<meta property=\"og:url\" content=\"https:\/\/animangeek.com\/es_es\/criticas-surgem-em-relacao-ao-climax-de-jujutsu-kaisen\/\" \/>\n<meta property=\"og:site_name\" content=\"Animan Geek\" \/>\n<meta property=\"article:published_time\" content=\"2024-08-30T01:44:59+00:00\" \/>\n<meta property=\"og:image\" content=\"https:\/\/animangeek.com\/wp-content\/uploads\/sites\/106\/2024\/08\/Criticas-surgem-em-relacao-ao-climax-de-Jujutsu-Kaisen.jpg\" \/>\n\t<meta property=\"og:image:width\" content=\"1920\" \/>\n\t<meta property=\"og:image:height\" content=\"1080\" \/>\n\t<meta property=\"og:image:type\" content=\"image\/jpeg\" \/>\n<meta name=\"twitter:card\" content=\"summary_large_image\" \/>\n<meta name=\"twitter:label1\" content=\"Est. reading time\" \/>\n\t<meta name=\"twitter:data1\" content=\"4 minutos\" \/>\n<script type=\"application\/ld+json\" class=\"yoast-schema-graph\">{\"@context\":\"https:\/\/schema.org\",\"@graph\":[{\"@type\":\"WebPage\",\"@id\":\"https:\/\/animangeek.com\/criticas-surgem-em-relacao-ao-climax-de-jujutsu-kaisen\/\",\"url\":\"https:\/\/animangeek.com\/criticas-surgem-em-relacao-ao-climax-de-jujutsu-kaisen\/\",\"name\":\"Cr\u00edticas surgem em rela\u00e7\u00e3o ao cl\u00edmax de Jujutsu Kaisen - Animan Geek\",\"isPartOf\":{\"@id\":\"https:\/\/animangeek.com\/#website\"},\"primaryImageOfPage\":{\"@id\":\"https:\/\/animangeek.com\/criticas-surgem-em-relacao-ao-climax-de-jujutsu-kaisen\/#primaryimage\"},\"image\":{\"@id\":\"https:\/\/animangeek.com\/criticas-surgem-em-relacao-ao-climax-de-jujutsu-kaisen\/#primaryimage\"},\"thumbnailUrl\":\"https:\/\/animangeek.com\/wp-content\/uploads\/sites\/106\/2024\/08\/Criticas-surgem-em-relacao-ao-climax-de-Jujutsu-Kaisen.jpg\",\"datePublished\":\"2024-08-30T01:44:59+00:00\",\"dateModified\":\"2024-08-30T01:44:59+00:00\",\"author\":{\"@id\":\"\"},\"breadcrumb\":{\"@id\":\"https:\/\/animangeek.com\/criticas-surgem-em-relacao-ao-climax-de-jujutsu-kaisen\/#breadcrumb\"},\"inLanguage\":\"es\",\"potentialAction\":[{\"@type\":\"ReadAction\",\"target\":[\"https:\/\/animangeek.com\/criticas-surgem-em-relacao-ao-climax-de-jujutsu-kaisen\/\"]}]},{\"@type\":\"ImageObject\",\"inLanguage\":\"es\",\"@id\":\"https:\/\/animangeek.com\/criticas-surgem-em-relacao-ao-climax-de-jujutsu-kaisen\/#primaryimage\",\"url\":\"https:\/\/animangeek.com\/wp-content\/uploads\/sites\/106\/2024\/08\/Criticas-surgem-em-relacao-ao-climax-de-Jujutsu-Kaisen.jpg\",\"contentUrl\":\"https:\/\/animangeek.com\/wp-content\/uploads\/sites\/106\/2024\/08\/Criticas-surgem-em-relacao-ao-climax-de-Jujutsu-Kaisen.jpg\",\"width\":1920,\"height\":1080},{\"@type\":\"BreadcrumbList\",\"@id\":\"https:\/\/animangeek.com\/criticas-surgem-em-relacao-ao-climax-de-jujutsu-kaisen\/#breadcrumb\",\"itemListElement\":[{\"@type\":\"ListItem\",\"position\":1,\"name\":\"Home\",\"item\":\"https:\/\/animangeek.com\/\"},{\"@type\":\"ListItem\",\"position\":2,\"name\":\"Cr\u00edticas surgem em rela\u00e7\u00e3o ao cl\u00edmax de Jujutsu Kaisen\"}]},{\"@type\":\"WebSite\",\"@id\":\"https:\/\/animangeek.com\/#website\",\"url\":\"https:\/\/animangeek.com\/\",\"name\":\"Animan Geek\",\"description\":\"\",\"potentialAction\":[{\"@type\":\"SearchAction\",\"target\":{\"@type\":\"EntryPoint\",\"urlTemplate\":\"https:\/\/animangeek.com\/?s={search_term_string}\"},\"query-input\":\"required name=search_term_string\"}],\"inLanguage\":\"es\"}]}<\/script>\n<!-- \/ Yoast SEO plugin. -->","yoast_head_json":{"title":"Cr\u00edticas surgem em rela\u00e7\u00e3o ao cl\u00edmax de Jujutsu Kaisen - Animan Geek","robots":{"index":"index","follow":"follow","max-snippet":"max-snippet:-1","max-image-preview":"max-image-preview:large","max-video-preview":"max-video-preview:-1"},"canonical":"https:\/\/animangeek.com\/es_es\/criticas-surgem-em-relacao-ao-climax-de-jujutsu-kaisen\/","og_locale":"es_ES","og_type":"article","og_title":"Cr\u00edticas surgem em rela\u00e7\u00e3o ao cl\u00edmax de Jujutsu Kaisen - Animan Geek","og_description":"Este artigo inclui spoilers do mang\u00e1 \u201cJujutsu Kaisen\u201d. A discri\u00e7\u00e3o do leitor \u00e9 aconselhada. O recente cap\u00edtulo vazado de \u201cJujutsu Kaisen\u201dGerou intensa pol\u00eamica entre os f\u00e3s da popular s\u00e9rie, deixando a comunidade dividida. O cap\u00edtulo, que marca o fim da batalha contra Ryomen Sukuna e sua aparente morte final, al\u00e9m do t\u00e3o aguardado retorno de&hellip; Continue reading Cr\u00edticas surgem em rela\u00e7\u00e3o ao cl\u00edmax de Jujutsu Kaisen","og_url":"https:\/\/animangeek.com\/es_es\/criticas-surgem-em-relacao-ao-climax-de-jujutsu-kaisen\/","og_site_name":"Animan Geek","article_published_time":"2024-08-30T01:44:59+00:00","og_image":[{"width":1920,"height":1080,"url":"https:\/\/animangeek.com\/wp-content\/uploads\/sites\/106\/2024\/08\/Criticas-surgem-em-relacao-ao-climax-de-Jujutsu-Kaisen.jpg","type":"image\/jpeg"}],"twitter_card":"summary_large_image","twitter_misc":{"Est. reading time":"4 minutos"},"schema":{"@context":"https:\/\/schema.org","@graph":[{"@type":"WebPage","@id":"https:\/\/animangeek.com\/criticas-surgem-em-relacao-ao-climax-de-jujutsu-kaisen\/","url":"https:\/\/animangeek.com\/criticas-surgem-em-relacao-ao-climax-de-jujutsu-kaisen\/","name":"Cr\u00edticas surgem em rela\u00e7\u00e3o ao cl\u00edmax de Jujutsu Kaisen - Animan Geek","isPartOf":{"@id":"https:\/\/animangeek.com\/#website"},"primaryImageOfPage":{"@id":"https:\/\/animangeek.com\/criticas-surgem-em-relacao-ao-climax-de-jujutsu-kaisen\/#primaryimage"},"image":{"@id":"https:\/\/animangeek.com\/criticas-surgem-em-relacao-ao-climax-de-jujutsu-kaisen\/#primaryimage"},"thumbnailUrl":"https:\/\/animangeek.com\/wp-content\/uploads\/sites\/106\/2024\/08\/Criticas-surgem-em-relacao-ao-climax-de-Jujutsu-Kaisen.jpg","datePublished":"2024-08-30T01:44:59+00:00","dateModified":"2024-08-30T01:44:59+00:00","author":{"@id":""},"breadcrumb":{"@id":"https:\/\/animangeek.com\/criticas-surgem-em-relacao-ao-climax-de-jujutsu-kaisen\/#breadcrumb"},"inLanguage":"es","potentialAction":[{"@type":"ReadAction","target":["https:\/\/animangeek.com\/criticas-surgem-em-relacao-ao-climax-de-jujutsu-kaisen\/"]}]},{"@type":"ImageObject","inLanguage":"es","@id":"https:\/\/animangeek.com\/criticas-surgem-em-relacao-ao-climax-de-jujutsu-kaisen\/#primaryimage","url":"https:\/\/animangeek.com\/wp-content\/uploads\/sites\/106\/2024\/08\/Criticas-surgem-em-relacao-ao-climax-de-Jujutsu-Kaisen.jpg","contentUrl":"https:\/\/animangeek.com\/wp-content\/uploads\/sites\/106\/2024\/08\/Criticas-surgem-em-relacao-ao-climax-de-Jujutsu-Kaisen.jpg","width":1920,"height":1080},{"@type":"BreadcrumbList","@id":"https:\/\/animangeek.com\/criticas-surgem-em-relacao-ao-climax-de-jujutsu-kaisen\/#breadcrumb","itemListElement":[{"@type":"ListItem","position":1,"name":"Home","item":"https:\/\/animangeek.com\/"},{"@type":"ListItem","position":2,"name":"Cr\u00edticas surgem em rela\u00e7\u00e3o ao cl\u00edmax de Jujutsu Kaisen"}]},{"@type":"WebSite","@id":"https:\/\/animangeek.com\/#website","url":"https:\/\/animangeek.com\/","name":"Animan Geek","description":"","potentialAction":[{"@type":"SearchAction","target":{"@type":"EntryPoint","urlTemplate":"https:\/\/animangeek.com\/?s={search_term_string}"},"query-input":"required name=search_term_string"}],"inLanguage":"es"}]}},"_links":{"self":[{"href":"https:\/\/animangeek.com\/es_es\/wp-json\/wp\/v2\/posts\/18114"}],"collection":[{"href":"https:\/\/animangeek.com\/es_es\/wp-json\/wp\/v2\/posts"}],"about":[{"href":"https:\/\/animangeek.com\/es_es\/wp-json\/wp\/v2\/types\/post"}],"replies":[{"embeddable":true,"href":"https:\/\/animangeek.com\/es_es\/wp-json\/wp\/v2\/comments?post=18114"}],"version-history":[{"count":0,"href":"https:\/\/animangeek.com\/es_es\/wp-json\/wp\/v2\/posts\/18114\/revisions"}],"wp:featuredmedia":[{"embeddable":true,"href":"https:\/\/animangeek.com\/es_es\/wp-json\/wp\/v2\/media\/18115"}],"wp:attachment":[{"href":"https:\/\/animangeek.com\/es_es\/wp-json\/wp\/v2\/media?parent=18114"}],"wp:term":[{"taxonomy":"category","embeddable":true,"href":"https:\/\/animangeek.com\/es_es\/wp-json\/wp\/v2\/categories?post=18114"},{"taxonomy":"post_tag","embeddable":true,"href":"https:\/\/animangeek.com\/es_es\/wp-json\/wp\/v2\/tags?post=18114"}],"curies":[{"name":"wp","href":"https:\/\/api.w.org\/{rel}","templated":true}]}}