{"id":18639,"date":"2024-09-12T13:45:50","date_gmt":"2024-09-12T16:45:50","guid":{"rendered":"https:\/\/animangeek.com\/fas-de-evangelion-comemoram-o-dia-em-que-quase-morremos\/"},"modified":"2024-09-12T13:45:50","modified_gmt":"2024-09-12T16:45:50","slug":"fas-de-evangelion-comemoram-o-dia-em-que-quase-morremos","status":"publish","type":"post","link":"https:\/\/animangeek.com\/es_es\/fas-de-evangelion-comemoram-o-dia-em-que-quase-morremos\/","title":{"rendered":"Los fans de Evangelion celebran el d\u00eda en que casi morimos"},"content":{"rendered":"<div class=\"mx-5 sm:mx-0 prose text-left mb-5\">\n<div>\n<p>Como es 13 de septiembre en Jap\u00f3n, celebramos un evento crucial en la historia de la franquicia.<strong>Neon Genesis Evangelion<\/strong>\u201c, ya que en el a\u00f1o 2000, seg\u00fan la tradici\u00f3n del anime, <strong>Ocurri\u00f3 el devastador Segundo Impacto, un evento catastr\u00f3fico que cambi\u00f3 para siempre el destino de la humanidad.<\/strong><\/p>\n<div class=\"wp-block-image\">\n<figure class=\"aligncenter size-full\"><img loading=\"lazy\" decoding=\"async\" width=\"1024\" height=\"576\" src=\"https:\/\/animangeek.com\/wp-content\/uploads\/2024\/09\/Fas-de-Evangelion-comemoram-o-dia-em-que-quase-morremos.png\" alt=\"\" class=\"wp-image-336650\"  \/><figcaption class=\"wp-element-caption\">\u00a9\u30ab\u30e9\u30fc\uff0fProyecto Eva. \u00a9\u30ab\u30e9\u30fc\uff0fEVA\u88fd\u4f5c\u59d4\u54e1\u4f1a \u00a9\u30ab\u30e9\u30fc<\/figcaption><\/figure>\n<\/div>\n<p>El Segundo Impacto es uno de los eventos m\u00e1s significativos en el universo de Evangelion. <strong>Este desastre ocurri\u00f3 cuando la Expedici\u00f3n Katsuragi, dirigida por el Dr. Katsuragi, realiz\u00f3 un experimento de contacto con Ad\u00e1n, el primer ser humanoide celestial o &quot;\u00c1ngel&quot;.<\/strong> El experimento despert\u00f3 a Ad\u00e1n, provocando una explosi\u00f3n masiva que derriti\u00f3 los casquetes polares de la Ant\u00e1rtida y desplaz\u00f3 el eje de la Tierra, generando tsunamis, cambios clim\u00e1ticos extremos y aumento del nivel del mar. <strong>Estos desastres naturales, combinados con los conflictos b\u00e9licos posteriores, provocaron la p\u00e9rdida de la mitad de la poblaci\u00f3n mundial.<\/strong><\/p>\n<p><strong>SEELE, la misteriosa organizaci\u00f3n detr\u00e1s de gran parte de los eventos de Evangelion, ocult\u00f3 la verdad sobre el Segundo Impacto, afirmando que fue causado por un meteorito que golpe\u00f3 la Ant\u00e1rtida. <\/strong>Seg\u00fan la versi\u00f3n oficial, el supuesto meteorito med\u00eda tan solo 10 cent\u00edmetros y se desplazaba a 95% la velocidad de la luz, por lo que no pudo ser detectado a tiempo. Esta informaci\u00f3n fue respaldada por el astr\u00f3nomo mexicano Ceimoa Nan, quien supuestamente avist\u00f3 el objeto minutos antes del impacto.<\/p>\n<ul>\n<li>\u00ab<em>El objeto que cay\u00f3 en la Ant\u00e1rtida ten\u00eda menos de 10 cent\u00edmetros de di\u00e1metro, un meteorito diminuto. Sin embargo, con una velocidad de 95%, la velocidad de la luz, su masa efectiva era superior a 4,02 veces 20 al cuadrado. Quince minutos antes del impacto, fue avistado por el astr\u00f3nomo mexicano Ceimoa Nan.<\/em>\u00bb.<\/li>\n<\/ul>\n<div class=\"wp-block-image\">\n<figure class=\"aligncenter size-full\"><img loading=\"lazy\" decoding=\"async\" width=\"1264\" height=\"960\" src=\"https:\/\/animangeek.com\/wp-content\/uploads\/2024\/09\/Fas-de-Evangelion-comemoram-o-dia-em-que-quase-morremos.jpg\" alt=\"\" class=\"wp-image-336654\"  \/><figcaption class=\"wp-element-caption\">\u00a9\u30ab\u30e9\u30fc\uff0fProyecto Eva. \u00a9\u30ab\u30e9\u30fc\uff0fEVA\u88fd\u4f5c\u59d4\u54e1\u4f1a \u00a9\u30ab\u30e9\u30fc<\/figcaption><\/figure>\n<\/div>\n<p><strong>Sin embargo, en la realidad del anime, el Segundo Impacto fue un acto intencional orquestado por SEELE, siguiendo las predicciones de los Rollos del Mar Muerto.<\/strong> La organizaci\u00f3n pretend\u00eda reducir a Ad\u00e1n a un estado embrionario para evitar que entrara en contacto con sus descendientes, los \u00c1ngeles, cuya llegada estaba prevista para 15 a\u00f1os despu\u00e9s. A pesar de saber que este plan provocar\u00eda la muerte de miles de millones de personas y cambios permanentes en el planeta, decidieron seguir adelante. <strong>Gendo Ikari, uno de los personajes principales de la serie, abandon\u00f3 la Ant\u00e1rtida poco antes de que comenzara el experimento, sabiendo muy bien las consecuencias destructivas que desencadenar\u00eda.<\/strong><\/p>\n<p><strong>Adem\u00e1s de la devastaci\u00f3n causada por el Segundo Impacto, este d\u00eda tambi\u00e9n es recordado por el nacimiento de uno de los personajes m\u00e1s enigm\u00e1ticos de la serie: Kaworu Nagisa, el \u00e1ngel humano.<\/strong> quien desempe\u00f1a un papel esencial en el desarrollo de la trama y en la vida del protagonista Shinji Ikari. El simbolismo del nacimiento de Kaworu en esta misma fecha a\u00f1ade un nuevo significado a la narrativa actual de Evangelion.<\/p>\n<div class=\"wp-block-image\">\n<figure class=\"aligncenter size-full\"><img loading=\"lazy\" decoding=\"async\" width=\"1400\" height=\"1978\" src=\"https:\/\/animangeek.com\/wp-content\/uploads\/2024\/09\/1726159550_448_Fas-de-Evangelion-comemoram-o-dia-em-que-quase-morremos.jpg\" alt=\"\" class=\"wp-image-336649\"  \/><figcaption class=\"wp-element-caption\">\u00a9\u30ab\u30e9\u30fc\uff0fProyecto Eva. \u00a9\u30ab\u30e9\u30fc\uff0fEVA\u88fd\u4f5c\u59d4\u54e1\u4f1a \u00a9\u30ab\u30e9\u30fc<\/figcaption><\/figure>\n<\/div>\n<p><strong>A lo largo de los a\u00f1os, los fan\u00e1ticos han utilizado el 13 de septiembre como aniversario para reflexionar sobre la profunda y compleja historia de Evangelion.<\/strong>Adem\u00e1s de compartir teor\u00edas y homenajes a la obra de Hideaki Anno, el D\u00eda del Segundo Impacto se ha convertido en tendencia recurrente en redes sociales, con debates sobre la trama del anime y su impacto en la cultura popular.<\/p>\n<p>Fuente: <strong><a rel=\"nofollow noopener\" target=\"_blank\" href=\"https:\/\/x.com\/livedoornews\/status\/1834245834965135474\">Noticias en vivo<\/a><\/strong><\/p>\n<\/div>\n<\/div>","protected":false},"excerpt":{"rendered":"<p>Con el 13 de septiembre ya en Jap\u00f3n, celebramos un evento crucial en la historia de la franquicia. Neon Genesis Evangelion, ya que en el a\u00f1o 2000, seg\u00fan la historia del anime, ocurri\u00f3 el devastador Segundo Impacto, un evento catastr\u00f3fico que cambi\u00f3 para siempre el destino de la humanidad. \u00a9\u30ab\u30e9\u30fc\uff0fProject Eva. \u00a9\u30ab\u30e9\u30fc\uff0fEVA\u88fd\u4f5c\u59d4\u54e1\u4f1a \u00a9\u30ab\u30e9\u30fc Second Impact is a\u2026 <a class=\"more-link\" href=\"https:\/\/animangeek.com\/es_es\/fas-de-evangelion-comemoram-o-dia-em-que-quase-morremos\/\">Sigue leyendo <span class=\"screen-reader-text\">Los fans de Evangelion celebran el d\u00eda en que casi morimos<\/span><\/a><\/p>","protected":false},"author":0,"featured_media":18640,"comment_status":"open","ping_status":"open","sticky":false,"template":"","format":"standard","meta":{"footnotes":""},"categories":[5],"tags":[1089],"yoast_head":"<!-- This site is optimized with the Yoast SEO plugin v23.3 - https:\/\/yoast.com\/wordpress\/plugins\/seo\/ -->\n<title>F\u00e3s de Evangelion comemoram o dia em que quase morremos - Animan Geek<\/title>\n<meta name=\"robots\" content=\"index, follow, max-snippet:-1, max-image-preview:large, max-video-preview:-1\" \/>\n<link rel=\"canonical\" href=\"https:\/\/animangeek.com\/es_es\/fas-de-evangelion-comemoram-o-dia-em-que-quase-morremos\/\" \/>\n<meta property=\"og:locale\" content=\"es_ES\" \/>\n<meta property=\"og:type\" content=\"article\" \/>\n<meta property=\"og:title\" content=\"F\u00e3s de Evangelion comemoram o dia em que quase morremos - Animan Geek\" \/>\n<meta property=\"og:description\" content=\"Sendo j\u00e1 dia 13 de setembro no Jap\u00e3o, comemora-se um acontecimento crucial na hist\u00f3ria da franquia.Neon Genesis Evangelion\u201c, j\u00e1 que no ano 2000, de acordo com a tradi\u00e7\u00e3o do anime, Ocorreu o devastador Segundo Impacto, um evento catastr\u00f3fico que mudou para sempre o destino da humanidade. \u00a9\u30ab\u30e9\u30fc\uff0fProjeto Eva. \u00a9\u30ab\u30e9\u30fc\uff0fEVA\u88fd\u4f5c\u59d4\u54e1\u4f1a \u00a9\u30ab\u30e9\u30fc O Segundo Impacto \u00e9 um&hellip; Continue reading F\u00e3s de Evangelion comemoram o dia em que quase morremos\" \/>\n<meta property=\"og:url\" content=\"https:\/\/animangeek.com\/es_es\/fas-de-evangelion-comemoram-o-dia-em-que-quase-morremos\/\" \/>\n<meta property=\"og:site_name\" content=\"Animan Geek\" \/>\n<meta property=\"article:published_time\" content=\"2024-09-12T16:45:50+00:00\" \/>\n<meta property=\"og:image\" content=\"https:\/\/animangeek.com\/wp-content\/uploads\/sites\/106\/2024\/09\/1726159551_Fas-de-Evangelion-comemoram-o-dia-em-que-quase-morremos.jpg\" \/>\n\t<meta property=\"og:image:width\" content=\"1920\" \/>\n\t<meta property=\"og:image:height\" content=\"1080\" \/>\n\t<meta property=\"og:image:type\" content=\"image\/jpeg\" \/>\n<meta name=\"twitter:card\" content=\"summary_large_image\" \/>\n<meta name=\"twitter:label1\" content=\"Est. reading time\" \/>\n\t<meta name=\"twitter:data1\" content=\"3 minutos\" \/>\n<script type=\"application\/ld+json\" class=\"yoast-schema-graph\">{\"@context\":\"https:\/\/schema.org\",\"@graph\":[{\"@type\":\"WebPage\",\"@id\":\"https:\/\/animangeek.com\/fas-de-evangelion-comemoram-o-dia-em-que-quase-morremos\/\",\"url\":\"https:\/\/animangeek.com\/fas-de-evangelion-comemoram-o-dia-em-que-quase-morremos\/\",\"name\":\"F\u00e3s de Evangelion comemoram o dia em que quase morremos - Animan Geek\",\"isPartOf\":{\"@id\":\"https:\/\/animangeek.com\/#website\"},\"primaryImageOfPage\":{\"@id\":\"https:\/\/animangeek.com\/fas-de-evangelion-comemoram-o-dia-em-que-quase-morremos\/#primaryimage\"},\"image\":{\"@id\":\"https:\/\/animangeek.com\/fas-de-evangelion-comemoram-o-dia-em-que-quase-morremos\/#primaryimage\"},\"thumbnailUrl\":\"https:\/\/animangeek.com\/wp-content\/uploads\/sites\/106\/2024\/09\/1726159551_Fas-de-Evangelion-comemoram-o-dia-em-que-quase-morremos.jpg\",\"datePublished\":\"2024-09-12T16:45:50+00:00\",\"dateModified\":\"2024-09-12T16:45:50+00:00\",\"author\":{\"@id\":\"\"},\"breadcrumb\":{\"@id\":\"https:\/\/animangeek.com\/fas-de-evangelion-comemoram-o-dia-em-que-quase-morremos\/#breadcrumb\"},\"inLanguage\":\"es\",\"potentialAction\":[{\"@type\":\"ReadAction\",\"target\":[\"https:\/\/animangeek.com\/fas-de-evangelion-comemoram-o-dia-em-que-quase-morremos\/\"]}]},{\"@type\":\"ImageObject\",\"inLanguage\":\"es\",\"@id\":\"https:\/\/animangeek.com\/fas-de-evangelion-comemoram-o-dia-em-que-quase-morremos\/#primaryimage\",\"url\":\"https:\/\/animangeek.com\/wp-content\/uploads\/sites\/106\/2024\/09\/1726159551_Fas-de-Evangelion-comemoram-o-dia-em-que-quase-morremos.jpg\",\"contentUrl\":\"https:\/\/animangeek.com\/wp-content\/uploads\/sites\/106\/2024\/09\/1726159551_Fas-de-Evangelion-comemoram-o-dia-em-que-quase-morremos.jpg\",\"width\":1920,\"height\":1080},{\"@type\":\"BreadcrumbList\",\"@id\":\"https:\/\/animangeek.com\/fas-de-evangelion-comemoram-o-dia-em-que-quase-morremos\/#breadcrumb\",\"itemListElement\":[{\"@type\":\"ListItem\",\"position\":1,\"name\":\"Home\",\"item\":\"https:\/\/animangeek.com\/\"},{\"@type\":\"ListItem\",\"position\":2,\"name\":\"F\u00e3s de Evangelion comemoram o dia em que quase morremos\"}]},{\"@type\":\"WebSite\",\"@id\":\"https:\/\/animangeek.com\/#website\",\"url\":\"https:\/\/animangeek.com\/\",\"name\":\"Animan Geek\",\"description\":\"\",\"potentialAction\":[{\"@type\":\"SearchAction\",\"target\":{\"@type\":\"EntryPoint\",\"urlTemplate\":\"https:\/\/animangeek.com\/?s={search_term_string}\"},\"query-input\":\"required name=search_term_string\"}],\"inLanguage\":\"es\"}]}<\/script>\n<!-- \/ Yoast SEO plugin. -->","yoast_head_json":{"title":"F\u00e3s de Evangelion comemoram o dia em que quase morremos - Animan Geek","robots":{"index":"index","follow":"follow","max-snippet":"max-snippet:-1","max-image-preview":"max-image-preview:large","max-video-preview":"max-video-preview:-1"},"canonical":"https:\/\/animangeek.com\/es_es\/fas-de-evangelion-comemoram-o-dia-em-que-quase-morremos\/","og_locale":"es_ES","og_type":"article","og_title":"F\u00e3s de Evangelion comemoram o dia em que quase morremos - Animan Geek","og_description":"Sendo j\u00e1 dia 13 de setembro no Jap\u00e3o, comemora-se um acontecimento crucial na hist\u00f3ria da franquia.Neon Genesis Evangelion\u201c, j\u00e1 que no ano 2000, de acordo com a tradi\u00e7\u00e3o do anime, Ocorreu o devastador Segundo Impacto, um evento catastr\u00f3fico que mudou para sempre o destino da humanidade. \u00a9\u30ab\u30e9\u30fc\uff0fProjeto Eva. \u00a9\u30ab\u30e9\u30fc\uff0fEVA\u88fd\u4f5c\u59d4\u54e1\u4f1a \u00a9\u30ab\u30e9\u30fc O Segundo Impacto \u00e9 um&hellip; Continue reading F\u00e3s de Evangelion comemoram o dia em que quase morremos","og_url":"https:\/\/animangeek.com\/es_es\/fas-de-evangelion-comemoram-o-dia-em-que-quase-morremos\/","og_site_name":"Animan Geek","article_published_time":"2024-09-12T16:45:50+00:00","og_image":[{"width":1920,"height":1080,"url":"https:\/\/animangeek.com\/wp-content\/uploads\/sites\/106\/2024\/09\/1726159551_Fas-de-Evangelion-comemoram-o-dia-em-que-quase-morremos.jpg","type":"image\/jpeg"}],"twitter_card":"summary_large_image","twitter_misc":{"Est. reading time":"3 minutos"},"schema":{"@context":"https:\/\/schema.org","@graph":[{"@type":"WebPage","@id":"https:\/\/animangeek.com\/fas-de-evangelion-comemoram-o-dia-em-que-quase-morremos\/","url":"https:\/\/animangeek.com\/fas-de-evangelion-comemoram-o-dia-em-que-quase-morremos\/","name":"F\u00e3s de Evangelion comemoram o dia em que quase morremos - Animan Geek","isPartOf":{"@id":"https:\/\/animangeek.com\/#website"},"primaryImageOfPage":{"@id":"https:\/\/animangeek.com\/fas-de-evangelion-comemoram-o-dia-em-que-quase-morremos\/#primaryimage"},"image":{"@id":"https:\/\/animangeek.com\/fas-de-evangelion-comemoram-o-dia-em-que-quase-morremos\/#primaryimage"},"thumbnailUrl":"https:\/\/animangeek.com\/wp-content\/uploads\/sites\/106\/2024\/09\/1726159551_Fas-de-Evangelion-comemoram-o-dia-em-que-quase-morremos.jpg","datePublished":"2024-09-12T16:45:50+00:00","dateModified":"2024-09-12T16:45:50+00:00","author":{"@id":""},"breadcrumb":{"@id":"https:\/\/animangeek.com\/fas-de-evangelion-comemoram-o-dia-em-que-quase-morremos\/#breadcrumb"},"inLanguage":"es","potentialAction":[{"@type":"ReadAction","target":["https:\/\/animangeek.com\/fas-de-evangelion-comemoram-o-dia-em-que-quase-morremos\/"]}]},{"@type":"ImageObject","inLanguage":"es","@id":"https:\/\/animangeek.com\/fas-de-evangelion-comemoram-o-dia-em-que-quase-morremos\/#primaryimage","url":"https:\/\/animangeek.com\/wp-content\/uploads\/sites\/106\/2024\/09\/1726159551_Fas-de-Evangelion-comemoram-o-dia-em-que-quase-morremos.jpg","contentUrl":"https:\/\/animangeek.com\/wp-content\/uploads\/sites\/106\/2024\/09\/1726159551_Fas-de-Evangelion-comemoram-o-dia-em-que-quase-morremos.jpg","width":1920,"height":1080},{"@type":"BreadcrumbList","@id":"https:\/\/animangeek.com\/fas-de-evangelion-comemoram-o-dia-em-que-quase-morremos\/#breadcrumb","itemListElement":[{"@type":"ListItem","position":1,"name":"Home","item":"https:\/\/animangeek.com\/"},{"@type":"ListItem","position":2,"name":"F\u00e3s de Evangelion comemoram o dia em que quase morremos"}]},{"@type":"WebSite","@id":"https:\/\/animangeek.com\/#website","url":"https:\/\/animangeek.com\/","name":"Animan Geek","description":"","potentialAction":[{"@type":"SearchAction","target":{"@type":"EntryPoint","urlTemplate":"https:\/\/animangeek.com\/?s={search_term_string}"},"query-input":"required name=search_term_string"}],"inLanguage":"es"}]}},"_links":{"self":[{"href":"https:\/\/animangeek.com\/es_es\/wp-json\/wp\/v2\/posts\/18639"}],"collection":[{"href":"https:\/\/animangeek.com\/es_es\/wp-json\/wp\/v2\/posts"}],"about":[{"href":"https:\/\/animangeek.com\/es_es\/wp-json\/wp\/v2\/types\/post"}],"replies":[{"embeddable":true,"href":"https:\/\/animangeek.com\/es_es\/wp-json\/wp\/v2\/comments?post=18639"}],"version-history":[{"count":0,"href":"https:\/\/animangeek.com\/es_es\/wp-json\/wp\/v2\/posts\/18639\/revisions"}],"wp:featuredmedia":[{"embeddable":true,"href":"https:\/\/animangeek.com\/es_es\/wp-json\/wp\/v2\/media\/18640"}],"wp:attachment":[{"href":"https:\/\/animangeek.com\/es_es\/wp-json\/wp\/v2\/media?parent=18639"}],"wp:term":[{"taxonomy":"category","embeddable":true,"href":"https:\/\/animangeek.com\/es_es\/wp-json\/wp\/v2\/categories?post=18639"},{"taxonomy":"post_tag","embeddable":true,"href":"https:\/\/animangeek.com\/es_es\/wp-json\/wp\/v2\/tags?post=18639"}],"curies":[{"name":"wp","href":"https:\/\/api.w.org\/{rel}","templated":true}]}}