{"id":18955,"date":"2024-09-19T12:06:31","date_gmt":"2024-09-19T15:06:31","guid":{"rendered":"https:\/\/animangeek.com\/eles-acreditam-que-jujutsu-kaisen-tera-uma-sequencia-de-manga\/"},"modified":"2024-09-19T12:06:31","modified_gmt":"2024-09-19T15:06:31","slug":"eles-acreditam-que-jujutsu-kaisen-tera-uma-sequencia-de-manga","status":"publish","type":"post","link":"https:\/\/animangeek.com\/es_es\/eles-acreditam-que-jujutsu-kaisen-tera-uma-sequencia-de-manga\/","title":{"rendered":"Creen que Jujutsu Kaisen tendr\u00e1 una secuela de manga"},"content":{"rendered":"<div class=\"mx-5 sm:mx-0 prose text-left mb-5\">\n<div>\n<p>Las filtraciones recientes han generado expectativas entre los fan\u00e1ticos de \u201c<strong>Jujutsu Kaisen<\/strong>\u201c, confirmando que <strong>El cap\u00edtulo final del manga, programado para publicarse el 29 de septiembre en la revista Weekly Shonen Jump, incluir\u00e1 varios &quot;anuncios felices&quot;.<\/strong> Seg\u00fan estos informes, el autor Gege Akutami se despedir\u00e1 de la serie con una hermosa ilustraci\u00f3n a color y un anuncio especial que fue descrito como un regalo para los fan\u00e1ticos de la obra. <strong>Adem\u00e1s, el editor de la serie contribuy\u00f3 a la especulaci\u00f3n al declarar que &quot;habr\u00e1 m\u00e1s Jujutsu Kaisen por venir&quot;, lo que desat\u00f3 todo tipo de teor\u00edas sobre el futuro de la franquicia.<\/strong><\/p>\n<div class=\"wp-block-image\">\n<figure class=\"aligncenter size-full\"><img loading=\"lazy\" decoding=\"async\" width=\"1280\" height=\"2008\" src=\"https:\/\/animangeek.com\/wp-content\/uploads\/2024\/09\/Eles-acreditam-que-Jujutsu-Kaisen-tera-uma-sequencia-de-manga.jpg\" alt=\"Jujutsu Kaisen\" class=\"wp-image-336934\"  \/><figcaption class=\"wp-element-caption\">\u00a9GEGE AKUTAMI\/SHUEISHA<\/figcaption><\/figure>\n<\/div>\n<p><strong>Uno de los puntos m\u00e1s discutidos entre los fans es la posibilidad de una secuela directa.<\/strong> Aunque Gege Akutami ha reiterado en varias ocasiones su intenci\u00f3n de finalizar el manga lo antes posible, estas nuevas declaraciones han alimentado el debate sobre si el final del manga ser\u00e1 realmente definitivo. <strong>Muchos seguidores creen que la trama se resolvi\u00f3 de forma abrupta en los \u00faltimos cap\u00edtulos, lo que ha generado cierto descontento entre los lectores. <\/strong>Sin embargo, el anuncio de la editorial dej\u00f3 abierta la posibilidad de que Jujutsu Kaisen contin\u00fae de alguna forma, ya sea con un spin-off, nuevas historias derivadas o incluso la expansi\u00f3n de su universo en otros formatos.<\/p>\n<p><strong>Pese a ello, muchos fan\u00e1ticos mantienen una postura m\u00e1s conservadora, recordando que casos similares en otras franquicias, como \u201cMy Hero Academia\u201d, generaron expectativas excesivas.<\/strong> En ese momento, tambi\u00e9n se prometi\u00f3 un \u201cgran anuncio\u201d que acompa\u00f1ar\u00eda al cap\u00edtulo final, que result\u00f3 ser una encuesta de popularidad, lo que caus\u00f3 decepci\u00f3n entre muchos fan\u00e1ticos.<\/p>\n<p>Jujutsu Kaisen es una de las series m\u00e1s exitosas de los \u00faltimos a\u00f1os, con un enorme impacto tanto en el manga como en la adaptaci\u00f3n al anime. <strong>Una tercera temporada del anime, que adapta el Arco del Juego del Sacrificio, est\u00e1 actualmente en producci\u00f3n, pero no ha habido noticias recientes sobre su progreso o posibles fechas de estreno. <\/strong>Esto ha llevado a muchos a especular que los &quot;anuncios felices&quot; al final del manga podr\u00edan estar relacionados con el anime.<\/p>\n<p><strong>Si bien una secuela directa parece poco probable dado el enfoque de Gege Akutami en concluir la historia principal, est\u00e1 claro que Shueisha y los productores del anime a\u00fan ven un gran potencial en Jujutsu Kaisen.<\/strong> Los fan\u00e1ticos estar\u00e1n atentos el 29 de septiembre (o probablemente se filtrar\u00e1 mucho antes), esperando no solo el final de una era, sino tambi\u00e9n el comienzo de nuevas aventuras en este universo que ha capturado la imaginaci\u00f3n de millones.<\/p>\n<p>Fuente: <strong><a rel=\"nofollow noopener\" target=\"_blank\" href=\"https:\/\/x.com\/WSJ_manga\/status\/1836684420142465490\">Manga del WSJ<\/a><\/strong><\/p>\n<\/div>\n<\/div>","protected":false},"excerpt":{"rendered":"<p>Filtraciones recientes han generado expectaci\u00f3n entre los fans de &quot;Jujutsu Kaisen&quot;, confirmando que el cap\u00edtulo final del manga, cuya publicaci\u00f3n est\u00e1 prevista para el 29 de septiembre en la revista Weekly Shonen Jump, incluir\u00e1 varios &quot;anuncios felices&quot;. Seg\u00fan estos informes, el autor Gege Akutami se despedir\u00e1 de la serie con una impresionante ilustraci\u00f3n a color y un anuncio especial... <a class=\"more-link\" href=\"https:\/\/animangeek.com\/es_es\/eles-acreditam-que-jujutsu-kaisen-tera-uma-sequencia-de-manga\/\">Sigue leyendo <span class=\"screen-reader-text\">Creen que Jujutsu Kaisen tendr\u00e1 una secuela de manga<\/span><\/a><\/p>","protected":false},"author":0,"featured_media":11408,"comment_status":"open","ping_status":"open","sticky":false,"template":"","format":"standard","meta":{"footnotes":""},"categories":[5],"tags":[789,1441,1449],"yoast_head":"<!-- This site is optimized with the Yoast SEO plugin v23.3 - https:\/\/yoast.com\/wordpress\/plugins\/seo\/ -->\n<title>Eles acreditam que Jujutsu Kaisen ter\u00e1 uma sequ\u00eancia de mang\u00e1 - Animan Geek<\/title>\n<meta name=\"robots\" content=\"index, follow, max-snippet:-1, max-image-preview:large, max-video-preview:-1\" \/>\n<link rel=\"canonical\" href=\"https:\/\/animangeek.com\/es_es\/eles-acreditam-que-jujutsu-kaisen-tera-uma-sequencia-de-manga\/\" \/>\n<meta property=\"og:locale\" content=\"es_ES\" \/>\n<meta property=\"og:type\" content=\"article\" \/>\n<meta property=\"og:title\" content=\"Eles acreditam que Jujutsu Kaisen ter\u00e1 uma sequ\u00eancia de mang\u00e1 - Animan Geek\" \/>\n<meta property=\"og:description\" content=\"Vazamentos recentes aumentaram as expectativas entre os f\u00e3s de \u201cJujutsu Kaisen&#8220;, confirmando que O cap\u00edtulo final do mang\u00e1, programado para ser publicado em 29 de setembro na revista Weekly Shonen Jump, incluir\u00e1 v\u00e1rios \u201can\u00fancios felizes\u201d. Segundo esses relatos, o autor Gege Akutami se despedir\u00e1 da s\u00e9rie com uma \u00f3tima ilustra\u00e7\u00e3o colorida e um an\u00fancio especial&hellip; Continue reading Eles acreditam que Jujutsu Kaisen ter\u00e1 uma sequ\u00eancia de mang\u00e1\" \/>\n<meta property=\"og:url\" content=\"https:\/\/animangeek.com\/es_es\/eles-acreditam-que-jujutsu-kaisen-tera-uma-sequencia-de-manga\/\" \/>\n<meta property=\"og:site_name\" content=\"Animan Geek\" \/>\n<meta property=\"article:published_time\" content=\"2024-09-19T15:06:31+00:00\" \/>\n<meta property=\"og:image\" content=\"https:\/\/animangeek.com\/wp-content\/uploads\/sites\/106\/2024\/05\/1715987802_Jujutsu-Kaisen-terminara-em-2024.jpg\" \/>\n\t<meta property=\"og:image:width\" content=\"1920\" \/>\n\t<meta property=\"og:image:height\" content=\"1080\" \/>\n\t<meta property=\"og:image:type\" content=\"image\/jpeg\" \/>\n<meta name=\"twitter:card\" content=\"summary_large_image\" \/>\n<meta name=\"twitter:label1\" content=\"Est. reading time\" \/>\n\t<meta name=\"twitter:data1\" content=\"2 minutos\" \/>\n<script type=\"application\/ld+json\" class=\"yoast-schema-graph\">{\"@context\":\"https:\/\/schema.org\",\"@graph\":[{\"@type\":\"WebPage\",\"@id\":\"https:\/\/animangeek.com\/eles-acreditam-que-jujutsu-kaisen-tera-uma-sequencia-de-manga\/\",\"url\":\"https:\/\/animangeek.com\/eles-acreditam-que-jujutsu-kaisen-tera-uma-sequencia-de-manga\/\",\"name\":\"Eles acreditam que Jujutsu Kaisen ter\u00e1 uma sequ\u00eancia de mang\u00e1 - Animan Geek\",\"isPartOf\":{\"@id\":\"https:\/\/animangeek.com\/#website\"},\"primaryImageOfPage\":{\"@id\":\"https:\/\/animangeek.com\/eles-acreditam-que-jujutsu-kaisen-tera-uma-sequencia-de-manga\/#primaryimage\"},\"image\":{\"@id\":\"https:\/\/animangeek.com\/eles-acreditam-que-jujutsu-kaisen-tera-uma-sequencia-de-manga\/#primaryimage\"},\"thumbnailUrl\":\"https:\/\/animangeek.com\/wp-content\/uploads\/sites\/106\/2024\/05\/1715987802_Jujutsu-Kaisen-terminara-em-2024.jpg\",\"datePublished\":\"2024-09-19T15:06:31+00:00\",\"dateModified\":\"2024-09-19T15:06:31+00:00\",\"author\":{\"@id\":\"\"},\"breadcrumb\":{\"@id\":\"https:\/\/animangeek.com\/eles-acreditam-que-jujutsu-kaisen-tera-uma-sequencia-de-manga\/#breadcrumb\"},\"inLanguage\":\"es\",\"potentialAction\":[{\"@type\":\"ReadAction\",\"target\":[\"https:\/\/animangeek.com\/eles-acreditam-que-jujutsu-kaisen-tera-uma-sequencia-de-manga\/\"]}]},{\"@type\":\"ImageObject\",\"inLanguage\":\"es\",\"@id\":\"https:\/\/animangeek.com\/eles-acreditam-que-jujutsu-kaisen-tera-uma-sequencia-de-manga\/#primaryimage\",\"url\":\"https:\/\/animangeek.com\/wp-content\/uploads\/sites\/106\/2024\/05\/1715987802_Jujutsu-Kaisen-terminara-em-2024.jpg\",\"contentUrl\":\"https:\/\/animangeek.com\/wp-content\/uploads\/sites\/106\/2024\/05\/1715987802_Jujutsu-Kaisen-terminara-em-2024.jpg\",\"width\":1920,\"height\":1080},{\"@type\":\"BreadcrumbList\",\"@id\":\"https:\/\/animangeek.com\/eles-acreditam-que-jujutsu-kaisen-tera-uma-sequencia-de-manga\/#breadcrumb\",\"itemListElement\":[{\"@type\":\"ListItem\",\"position\":1,\"name\":\"Home\",\"item\":\"https:\/\/animangeek.com\/\"},{\"@type\":\"ListItem\",\"position\":2,\"name\":\"Eles acreditam que Jujutsu Kaisen ter\u00e1 uma sequ\u00eancia de mang\u00e1\"}]},{\"@type\":\"WebSite\",\"@id\":\"https:\/\/animangeek.com\/#website\",\"url\":\"https:\/\/animangeek.com\/\",\"name\":\"Animan Geek\",\"description\":\"\",\"potentialAction\":[{\"@type\":\"SearchAction\",\"target\":{\"@type\":\"EntryPoint\",\"urlTemplate\":\"https:\/\/animangeek.com\/?s={search_term_string}\"},\"query-input\":\"required name=search_term_string\"}],\"inLanguage\":\"es\"}]}<\/script>\n<!-- \/ Yoast SEO plugin. -->","yoast_head_json":{"title":"Eles acreditam que Jujutsu Kaisen ter\u00e1 uma sequ\u00eancia de mang\u00e1 - Animan Geek","robots":{"index":"index","follow":"follow","max-snippet":"max-snippet:-1","max-image-preview":"max-image-preview:large","max-video-preview":"max-video-preview:-1"},"canonical":"https:\/\/animangeek.com\/es_es\/eles-acreditam-que-jujutsu-kaisen-tera-uma-sequencia-de-manga\/","og_locale":"es_ES","og_type":"article","og_title":"Eles acreditam que Jujutsu Kaisen ter\u00e1 uma sequ\u00eancia de mang\u00e1 - Animan Geek","og_description":"Vazamentos recentes aumentaram as expectativas entre os f\u00e3s de \u201cJujutsu Kaisen&#8220;, confirmando que O cap\u00edtulo final do mang\u00e1, programado para ser publicado em 29 de setembro na revista Weekly Shonen Jump, incluir\u00e1 v\u00e1rios \u201can\u00fancios felizes\u201d. Segundo esses relatos, o autor Gege Akutami se despedir\u00e1 da s\u00e9rie com uma \u00f3tima ilustra\u00e7\u00e3o colorida e um an\u00fancio especial&hellip; Continue reading Eles acreditam que Jujutsu Kaisen ter\u00e1 uma sequ\u00eancia de mang\u00e1","og_url":"https:\/\/animangeek.com\/es_es\/eles-acreditam-que-jujutsu-kaisen-tera-uma-sequencia-de-manga\/","og_site_name":"Animan Geek","article_published_time":"2024-09-19T15:06:31+00:00","og_image":[{"width":1920,"height":1080,"url":"https:\/\/animangeek.com\/wp-content\/uploads\/sites\/106\/2024\/05\/1715987802_Jujutsu-Kaisen-terminara-em-2024.jpg","type":"image\/jpeg"}],"twitter_card":"summary_large_image","twitter_misc":{"Est. reading time":"2 minutos"},"schema":{"@context":"https:\/\/schema.org","@graph":[{"@type":"WebPage","@id":"https:\/\/animangeek.com\/eles-acreditam-que-jujutsu-kaisen-tera-uma-sequencia-de-manga\/","url":"https:\/\/animangeek.com\/eles-acreditam-que-jujutsu-kaisen-tera-uma-sequencia-de-manga\/","name":"Eles acreditam que Jujutsu Kaisen ter\u00e1 uma sequ\u00eancia de mang\u00e1 - Animan Geek","isPartOf":{"@id":"https:\/\/animangeek.com\/#website"},"primaryImageOfPage":{"@id":"https:\/\/animangeek.com\/eles-acreditam-que-jujutsu-kaisen-tera-uma-sequencia-de-manga\/#primaryimage"},"image":{"@id":"https:\/\/animangeek.com\/eles-acreditam-que-jujutsu-kaisen-tera-uma-sequencia-de-manga\/#primaryimage"},"thumbnailUrl":"https:\/\/animangeek.com\/wp-content\/uploads\/sites\/106\/2024\/05\/1715987802_Jujutsu-Kaisen-terminara-em-2024.jpg","datePublished":"2024-09-19T15:06:31+00:00","dateModified":"2024-09-19T15:06:31+00:00","author":{"@id":""},"breadcrumb":{"@id":"https:\/\/animangeek.com\/eles-acreditam-que-jujutsu-kaisen-tera-uma-sequencia-de-manga\/#breadcrumb"},"inLanguage":"es","potentialAction":[{"@type":"ReadAction","target":["https:\/\/animangeek.com\/eles-acreditam-que-jujutsu-kaisen-tera-uma-sequencia-de-manga\/"]}]},{"@type":"ImageObject","inLanguage":"es","@id":"https:\/\/animangeek.com\/eles-acreditam-que-jujutsu-kaisen-tera-uma-sequencia-de-manga\/#primaryimage","url":"https:\/\/animangeek.com\/wp-content\/uploads\/sites\/106\/2024\/05\/1715987802_Jujutsu-Kaisen-terminara-em-2024.jpg","contentUrl":"https:\/\/animangeek.com\/wp-content\/uploads\/sites\/106\/2024\/05\/1715987802_Jujutsu-Kaisen-terminara-em-2024.jpg","width":1920,"height":1080},{"@type":"BreadcrumbList","@id":"https:\/\/animangeek.com\/eles-acreditam-que-jujutsu-kaisen-tera-uma-sequencia-de-manga\/#breadcrumb","itemListElement":[{"@type":"ListItem","position":1,"name":"Home","item":"https:\/\/animangeek.com\/"},{"@type":"ListItem","position":2,"name":"Eles acreditam que Jujutsu Kaisen ter\u00e1 uma sequ\u00eancia de mang\u00e1"}]},{"@type":"WebSite","@id":"https:\/\/animangeek.com\/#website","url":"https:\/\/animangeek.com\/","name":"Animan Geek","description":"","potentialAction":[{"@type":"SearchAction","target":{"@type":"EntryPoint","urlTemplate":"https:\/\/animangeek.com\/?s={search_term_string}"},"query-input":"required name=search_term_string"}],"inLanguage":"es"}]}},"_links":{"self":[{"href":"https:\/\/animangeek.com\/es_es\/wp-json\/wp\/v2\/posts\/18955"}],"collection":[{"href":"https:\/\/animangeek.com\/es_es\/wp-json\/wp\/v2\/posts"}],"about":[{"href":"https:\/\/animangeek.com\/es_es\/wp-json\/wp\/v2\/types\/post"}],"replies":[{"embeddable":true,"href":"https:\/\/animangeek.com\/es_es\/wp-json\/wp\/v2\/comments?post=18955"}],"version-history":[{"count":0,"href":"https:\/\/animangeek.com\/es_es\/wp-json\/wp\/v2\/posts\/18955\/revisions"}],"wp:featuredmedia":[{"embeddable":true,"href":"https:\/\/animangeek.com\/es_es\/wp-json\/wp\/v2\/media\/11408"}],"wp:attachment":[{"href":"https:\/\/animangeek.com\/es_es\/wp-json\/wp\/v2\/media?parent=18955"}],"wp:term":[{"taxonomy":"category","embeddable":true,"href":"https:\/\/animangeek.com\/es_es\/wp-json\/wp\/v2\/categories?post=18955"},{"taxonomy":"post_tag","embeddable":true,"href":"https:\/\/animangeek.com\/es_es\/wp-json\/wp\/v2\/tags?post=18955"}],"curies":[{"name":"wp","href":"https:\/\/api.w.org\/{rel}","templated":true}]}}