{"id":2496,"date":"2023-08-09T11:15:40","date_gmt":"2023-08-09T14:15:40","guid":{"rendered":"https:\/\/animangeek.com\/?p=2496"},"modified":"2023-08-09T11:15:40","modified_gmt":"2023-08-09T14:15:40","slug":"manga-oshi-no-ko-anuncia-pausa","status":"publish","type":"post","link":"https:\/\/animangeek.com\/es_es\/manga-oshi-no-ko-anuncia-pausa\/","title":{"rendered":"El manga Oshi no Ko anuncia una pausa"},"content":{"rendered":"<div class=\"mx-5 sm:mx-0 prose text-left mb-5\">Sin duda, los fans del manga <strong>oshi no ko <\/strong>Estamos esperando a ver c\u00f3mo avanza esta historia despu\u00e9s de los \u00faltimos eventos en los que apareci\u00f3 alguien del pasado de Ai, ya que podr\u00eda ser un personaje clave en la carrera de Ai. <strong>Hoshino Ruby<\/strong>, simplemente volvi\u00f3 a explicar su desaparici\u00f3n durante tantos a\u00f1os, sea como sea parece que tendremos que esperar un poco m\u00e1s para saber c\u00f3mo continuar\u00e1 esta historia.<\/p>\n<div>\n<h3 class=\"wp-block-heading has-text-align-center\">Oshi no Ko anuncia una pausa de 4 semanas y un spin-off corto<\/h3>\n<figure class=\"wp-block-image size-large\"><noscript><img loading=\"lazy\" decoding=\"async\" width=\"1200\" height=\"675\" src=\"https:\/\/animangeek.com\/wp-content\/uploads\/2023\/08\/Manga-Oshi-no-Ko-anuncia-pausa.jpg\" alt=\"Oshi-No-Ko-Idol\" class=\"wp-image-333631\" title=\"Oshi No Ko Manga anuncia Break 2\"\/><\/noscript><img loading=\"lazy\" decoding=\"async\" class=\"lazyload wp-image-333631\" title=\"Oshi No Ko Manga anuncia Break 2\" src=\"https:\/\/animangeek.com\/wp-content\/uploads\/2023\/08\/Manga-Oshi-no-Ko-anuncia-pausa.jpg\" alt=\"Oshi-No-Ko-Idol\" width=\"1200\" height=\"675\" data-=\"\" \/><\/figure>\n<p>Ayer, el autor de<strong> oshi no ko<\/strong>, <strong>Tambi\u00e9n conocida como Akasaka <\/strong>anunci\u00f3 que el manga tomar\u00e1 un descanso de aproximadamente un mes y retomar\u00e1 su publicaci\u00f3n a partir del 14 de septiembre, no se dio ninguna explicaci\u00f3n sobre la causa que llev\u00f3 a esta decisi\u00f3n, pero mientras tanto se publicar\u00e1n 4 cap\u00edtulos adicionales de la serie que tendr\u00e1n como t\u00edtulo <strong>Oshi no Ko: Interludio <\/strong>y el responsable de su creaci\u00f3n ser\u00e1 el artista de Oshi no Ko, <strong>Mengo Yokotari, p<\/strong>Parece que esta historia tomar\u00e1 el punto de vista del artista y lo traducir\u00e1 en una historia sobre la industria de los \u00eddolos.<\/p>\n<p>Se espera que estos cuatro cap\u00edtulos adicionales se cuenten desde la perspectiva del mangaka, lo que le permitir\u00e1 hablar sobre su flujo de trabajo, los desaf\u00edos que enfrenta en la industria y, posiblemente, incluso sobre la industria actual en Jap\u00f3n. Como era de esperar, hablar\u00e1 sobre el trabajo de las idols en el Jap\u00f3n actual y c\u00f3mo se esfuerzan por sobrevivir en una industria tan competitiva; sin embargo, tendremos que descubrir todo esto cuando se publique oficialmente el primero de los cuatro cap\u00edtulos.<\/p>\n<figure class=\"wp-block-image size-large\"><noscript><img loading=\"lazy\" decoding=\"async\" width=\"1200\" height=\"675\" src=\"https:\/\/animangeek.com\/wp-content\/uploads\/2023\/08\/1691128596_562_Crunchyroll-lanca-novos-videoclipes-para-YOASOBI-Aimer-MAN-WITH-A.jpg\" alt=\"A hist\u00f3ria continua! Oshi No Ko anunciou sua segunda temporada\" class=\"wp-image-337903\" title=\"El manga Oshi No Ko anuncia la pausa 3\"\/><\/noscript><img loading=\"lazy\" decoding=\"async\" class=\"lazyload wp-image-337903\" title=\"El manga Oshi No Ko anuncia la pausa 3\" src=\"https:\/\/animangeek.com\/wp-content\/uploads\/2023\/08\/1691128596_562_Crunchyroll-lanca-novos-videoclipes-para-YOASOBI-Aimer-MAN-WITH-A.jpg\" alt=\"A hist\u00f3ria continua! Oshi No Ko anunciou sua segunda temporada\" width=\"1200\" height=\"675\" data-=\"\" \/><\/figure>\n<p>Cabe se\u00f1alar que cuando se a\u00f1aden los cuatro cap\u00edtulos adicionales de <strong>Oshi no Ko: Interludio <\/strong>la publicaci\u00f3n original de la historia se reanudar\u00e1, por lo que tendremos que esperar un tiempo para ver c\u00f3mo se desarrolla esta intrigante historia, que dejo a muchas personas con m\u00e1s dudas de las que ten\u00edan al principio, as\u00ed que hay que estar atentos a la informaci\u00f3n que se nos vaya revelando en los pr\u00f3ximos d\u00edas y no desesperar hasta que el manga reanude la publicaci\u00f3n de la historia original.<\/p>\n<figure class=\"wp-block-image size-full\"><noscript><img loading=\"lazy\" decoding=\"async\" width=\"1200\" height=\"1695\" src=\"https:\/\/animangeek.com\/wp-content\/uploads\/2023\/08\/1691550535_592_Manga-Oshi-no-Ko-anuncia-pausa.jpg\" alt=\"Visual de Oshi No Ko Temporada 2\" class=\"wp-image-337896\" title=\"El manga Oshi No Ko anuncia la pausa 4\"\/><\/noscript><img loading=\"lazy\" decoding=\"async\" class=\"lazyload wp-image-337896\" title=\"El manga Oshi No Ko anuncia la pausa 4\" src=\"https:\/\/animangeek.com\/wp-content\/uploads\/2023\/08\/1691550535_592_Manga-Oshi-no-Ko-anuncia-pausa.jpg\" alt=\"Visual de Oshi No Ko Temporada 2\" width=\"1200\" height=\"1695\" data-=\"\" \/><\/figure>\n<p>Para aquellos que no conoc\u00edan esta serie, <strong>oshi no ko<\/strong> nos cuenta una historia sobre la industria del entretenimiento en Jap\u00f3n, uno de los mundos m\u00e1s complicados donde las celebridades buscan mostrar una versi\u00f3n exagerada de s\u00ed mismos, ocultando sus verdaderos pensamientos para sobrevivir y destacar en un mundo donde mentir es algo com\u00fan.<\/p>\n<p>Una de las estrellas de esta industria, <strong>Oh Hoshino <\/strong>del grupo \u00eddolo <strong>B-Komachi<\/strong> Logr\u00f3 cautivar al mundo, pero de repente anunci\u00f3 un par\u00e9ntesis en sus actividades debido a problemas de salud.<\/p>\n<p>La historia nos pone en el lugar de <strong>Gorou Amemiya<\/strong>Gran fan de Ai y ginec\u00f3logo en un hospital rural, siempre ha deseado conocer a la idol. Sin embargo, su deseo se cumple cuando ella aparece en su hospital, sorprendida de estar embarazada de gemelos. Este encuentro cambiar\u00e1 la vida de ambos y su relaci\u00f3n. Sin duda, a pesar de ser un anime de idols, nos presenta un tema poco tratado: la realidad de una de las industrias m\u00e1s populares de Jap\u00f3n y c\u00f3mo la gente lucha en este mundo para alcanzar el \u00e9xito. Trata sobre muchos temas.<\/p>\n<p><a href=\"https:\/\/ichigoproduction.com\/\" target=\"_blank\" rel=\"nofollow noopener\">\u00a9<\/a><a href=\"https:\/\/ichigoproduction.com\/\" target=\"_blank\" rel=\"nofollow noopener\">\u8d64\u5742\u30a2\u30ab\u00d7\u6a2a\u69cd\u30e1\u30f3\u30b4\uff0f\u96c6\u82f1\u793e\u30fb\u3010\u63a8\u3057\u306e\u5b50\u3011\u88fd\u4f5c\u59d4\u54e1\u4f1a<\/a><\/p>\n<\/div>\n<p>&nbsp;<\/p><\/div>","protected":false},"excerpt":{"rendered":"<p>Sin duda los fan\u00e1ticos del manga de Oshi no Ko est\u00e1n esperando ver c\u00f3mo avanza esta historia luego de los \u00faltimos eventos en los que apareci\u00f3 alguien del pasado de Ai, ya que podr\u00eda ser un personaje clave en la carrera de Hoshino Rubi, simplemente regres\u00f3 para explicar su desaparici\u00f3n durante tantos a\u00f1os, sea cual sea el... <a class=\"more-link\" href=\"https:\/\/animangeek.com\/es_es\/manga-oshi-no-ko-anuncia-pausa\/\">Sigue leyendo <span class=\"screen-reader-text\">El manga Oshi no Ko anuncia una pausa<\/span><\/a><\/p>","protected":false},"author":0,"featured_media":2497,"comment_status":"open","ping_status":"open","sticky":false,"template":"","format":"standard","meta":{"footnotes":""},"categories":[8],"tags":[],"yoast_head":"<!-- This site is optimized with the Yoast SEO plugin v23.3 - https:\/\/yoast.com\/wordpress\/plugins\/seo\/ -->\n<title>Mang\u00e1 Oshi no Ko anuncia pausa - Animan Geek<\/title>\n<meta name=\"robots\" content=\"index, follow, max-snippet:-1, max-image-preview:large, max-video-preview:-1\" \/>\n<link rel=\"canonical\" href=\"https:\/\/animangeek.com\/es_es\/manga-oshi-no-ko-anuncia-pausa\/\" \/>\n<meta property=\"og:locale\" content=\"es_ES\" \/>\n<meta property=\"og:type\" content=\"article\" \/>\n<meta property=\"og:title\" content=\"Mang\u00e1 Oshi no Ko anuncia pausa - Animan Geek\" \/>\n<meta property=\"og:description\" content=\"Sem d\u00favida os f\u00e3s do mang\u00e1 de Oshi no Ko est\u00e3o esperando para ver como essa hist\u00f3ria progride ap\u00f3s os \u00faltimos eventos em que algu\u00e9m do passado de Ai apareceu, j\u00e1 que ele pode ser um personagem-chave na carreira de Hoshino Rubi, simplesmente voltou para explicar seu desaparecimento por tantos anos, seja qual for o&hellip; Continue reading Mang\u00e1 Oshi no Ko anuncia pausa\" \/>\n<meta property=\"og:url\" content=\"https:\/\/animangeek.com\/es_es\/manga-oshi-no-ko-anuncia-pausa\/\" \/>\n<meta property=\"og:site_name\" content=\"Animan Geek\" \/>\n<meta property=\"article:published_time\" content=\"2023-08-09T14:15:40+00:00\" \/>\n<meta property=\"og:image\" content=\"https:\/\/animangeek.com\/wp-content\/uploads\/sites\/106\/2023\/08\/1691550535_Manga-Oshi-no-Ko-anuncia-pausa.jpg\" \/>\n\t<meta property=\"og:image:width\" content=\"1280\" \/>\n\t<meta property=\"og:image:height\" content=\"720\" \/>\n\t<meta property=\"og:image:type\" content=\"image\/jpeg\" \/>\n<meta name=\"twitter:card\" content=\"summary_large_image\" \/>\n<meta name=\"twitter:label1\" content=\"Est. reading time\" \/>\n\t<meta name=\"twitter:data1\" content=\"3 minutos\" \/>\n<script type=\"application\/ld+json\" class=\"yoast-schema-graph\">{\"@context\":\"https:\/\/schema.org\",\"@graph\":[{\"@type\":\"WebPage\",\"@id\":\"https:\/\/animangeek.com\/manga-oshi-no-ko-anuncia-pausa\/\",\"url\":\"https:\/\/animangeek.com\/manga-oshi-no-ko-anuncia-pausa\/\",\"name\":\"Mang\u00e1 Oshi no Ko anuncia pausa - Animan Geek\",\"isPartOf\":{\"@id\":\"https:\/\/animangeek.com\/#website\"},\"primaryImageOfPage\":{\"@id\":\"https:\/\/animangeek.com\/manga-oshi-no-ko-anuncia-pausa\/#primaryimage\"},\"image\":{\"@id\":\"https:\/\/animangeek.com\/manga-oshi-no-ko-anuncia-pausa\/#primaryimage\"},\"thumbnailUrl\":\"https:\/\/animangeek.com\/wp-content\/uploads\/sites\/106\/2023\/08\/1691550535_Manga-Oshi-no-Ko-anuncia-pausa.jpg\",\"datePublished\":\"2023-08-09T14:15:40+00:00\",\"dateModified\":\"2023-08-09T14:15:40+00:00\",\"author\":{\"@id\":\"\"},\"breadcrumb\":{\"@id\":\"https:\/\/animangeek.com\/manga-oshi-no-ko-anuncia-pausa\/#breadcrumb\"},\"inLanguage\":\"es\",\"potentialAction\":[{\"@type\":\"ReadAction\",\"target\":[\"https:\/\/animangeek.com\/manga-oshi-no-ko-anuncia-pausa\/\"]}]},{\"@type\":\"ImageObject\",\"inLanguage\":\"es\",\"@id\":\"https:\/\/animangeek.com\/manga-oshi-no-ko-anuncia-pausa\/#primaryimage\",\"url\":\"https:\/\/animangeek.com\/wp-content\/uploads\/sites\/106\/2023\/08\/1691550535_Manga-Oshi-no-Ko-anuncia-pausa.jpg\",\"contentUrl\":\"https:\/\/animangeek.com\/wp-content\/uploads\/sites\/106\/2023\/08\/1691550535_Manga-Oshi-no-Ko-anuncia-pausa.jpg\",\"width\":1280,\"height\":720},{\"@type\":\"BreadcrumbList\",\"@id\":\"https:\/\/animangeek.com\/manga-oshi-no-ko-anuncia-pausa\/#breadcrumb\",\"itemListElement\":[{\"@type\":\"ListItem\",\"position\":1,\"name\":\"Home\",\"item\":\"https:\/\/animangeek.com\/\"},{\"@type\":\"ListItem\",\"position\":2,\"name\":\"Mang\u00e1 Oshi no Ko anuncia pausa\"}]},{\"@type\":\"WebSite\",\"@id\":\"https:\/\/animangeek.com\/#website\",\"url\":\"https:\/\/animangeek.com\/\",\"name\":\"Animan Geek\",\"description\":\"\",\"potentialAction\":[{\"@type\":\"SearchAction\",\"target\":{\"@type\":\"EntryPoint\",\"urlTemplate\":\"https:\/\/animangeek.com\/?s={search_term_string}\"},\"query-input\":\"required name=search_term_string\"}],\"inLanguage\":\"es\"}]}<\/script>\n<!-- \/ Yoast SEO plugin. -->","yoast_head_json":{"title":"Mang\u00e1 Oshi no Ko anuncia pausa - Animan Geek","robots":{"index":"index","follow":"follow","max-snippet":"max-snippet:-1","max-image-preview":"max-image-preview:large","max-video-preview":"max-video-preview:-1"},"canonical":"https:\/\/animangeek.com\/es_es\/manga-oshi-no-ko-anuncia-pausa\/","og_locale":"es_ES","og_type":"article","og_title":"Mang\u00e1 Oshi no Ko anuncia pausa - Animan Geek","og_description":"Sem d\u00favida os f\u00e3s do mang\u00e1 de Oshi no Ko est\u00e3o esperando para ver como essa hist\u00f3ria progride ap\u00f3s os \u00faltimos eventos em que algu\u00e9m do passado de Ai apareceu, j\u00e1 que ele pode ser um personagem-chave na carreira de Hoshino Rubi, simplesmente voltou para explicar seu desaparecimento por tantos anos, seja qual for o&hellip; Continue reading Mang\u00e1 Oshi no Ko anuncia pausa","og_url":"https:\/\/animangeek.com\/es_es\/manga-oshi-no-ko-anuncia-pausa\/","og_site_name":"Animan Geek","article_published_time":"2023-08-09T14:15:40+00:00","og_image":[{"width":1280,"height":720,"url":"https:\/\/animangeek.com\/wp-content\/uploads\/sites\/106\/2023\/08\/1691550535_Manga-Oshi-no-Ko-anuncia-pausa.jpg","type":"image\/jpeg"}],"twitter_card":"summary_large_image","twitter_misc":{"Est. reading time":"3 minutos"},"schema":{"@context":"https:\/\/schema.org","@graph":[{"@type":"WebPage","@id":"https:\/\/animangeek.com\/manga-oshi-no-ko-anuncia-pausa\/","url":"https:\/\/animangeek.com\/manga-oshi-no-ko-anuncia-pausa\/","name":"Mang\u00e1 Oshi no Ko anuncia pausa - Animan Geek","isPartOf":{"@id":"https:\/\/animangeek.com\/#website"},"primaryImageOfPage":{"@id":"https:\/\/animangeek.com\/manga-oshi-no-ko-anuncia-pausa\/#primaryimage"},"image":{"@id":"https:\/\/animangeek.com\/manga-oshi-no-ko-anuncia-pausa\/#primaryimage"},"thumbnailUrl":"https:\/\/animangeek.com\/wp-content\/uploads\/sites\/106\/2023\/08\/1691550535_Manga-Oshi-no-Ko-anuncia-pausa.jpg","datePublished":"2023-08-09T14:15:40+00:00","dateModified":"2023-08-09T14:15:40+00:00","author":{"@id":""},"breadcrumb":{"@id":"https:\/\/animangeek.com\/manga-oshi-no-ko-anuncia-pausa\/#breadcrumb"},"inLanguage":"es","potentialAction":[{"@type":"ReadAction","target":["https:\/\/animangeek.com\/manga-oshi-no-ko-anuncia-pausa\/"]}]},{"@type":"ImageObject","inLanguage":"es","@id":"https:\/\/animangeek.com\/manga-oshi-no-ko-anuncia-pausa\/#primaryimage","url":"https:\/\/animangeek.com\/wp-content\/uploads\/sites\/106\/2023\/08\/1691550535_Manga-Oshi-no-Ko-anuncia-pausa.jpg","contentUrl":"https:\/\/animangeek.com\/wp-content\/uploads\/sites\/106\/2023\/08\/1691550535_Manga-Oshi-no-Ko-anuncia-pausa.jpg","width":1280,"height":720},{"@type":"BreadcrumbList","@id":"https:\/\/animangeek.com\/manga-oshi-no-ko-anuncia-pausa\/#breadcrumb","itemListElement":[{"@type":"ListItem","position":1,"name":"Home","item":"https:\/\/animangeek.com\/"},{"@type":"ListItem","position":2,"name":"Mang\u00e1 Oshi no Ko anuncia pausa"}]},{"@type":"WebSite","@id":"https:\/\/animangeek.com\/#website","url":"https:\/\/animangeek.com\/","name":"Animan Geek","description":"","potentialAction":[{"@type":"SearchAction","target":{"@type":"EntryPoint","urlTemplate":"https:\/\/animangeek.com\/?s={search_term_string}"},"query-input":"required name=search_term_string"}],"inLanguage":"es"}]}},"_links":{"self":[{"href":"https:\/\/animangeek.com\/es_es\/wp-json\/wp\/v2\/posts\/2496"}],"collection":[{"href":"https:\/\/animangeek.com\/es_es\/wp-json\/wp\/v2\/posts"}],"about":[{"href":"https:\/\/animangeek.com\/es_es\/wp-json\/wp\/v2\/types\/post"}],"replies":[{"embeddable":true,"href":"https:\/\/animangeek.com\/es_es\/wp-json\/wp\/v2\/comments?post=2496"}],"version-history":[{"count":0,"href":"https:\/\/animangeek.com\/es_es\/wp-json\/wp\/v2\/posts\/2496\/revisions"}],"wp:featuredmedia":[{"embeddable":true,"href":"https:\/\/animangeek.com\/es_es\/wp-json\/wp\/v2\/media\/2497"}],"wp:attachment":[{"href":"https:\/\/animangeek.com\/es_es\/wp-json\/wp\/v2\/media?parent=2496"}],"wp:term":[{"taxonomy":"category","embeddable":true,"href":"https:\/\/animangeek.com\/es_es\/wp-json\/wp\/v2\/categories?post=2496"},{"taxonomy":"post_tag","embeddable":true,"href":"https:\/\/animangeek.com\/es_es\/wp-json\/wp\/v2\/tags?post=2496"}],"curies":[{"name":"wp","href":"https:\/\/api.w.org\/{rel}","templated":true}]}}