{"id":2664,"date":"2023-08-10T06:40:26","date_gmt":"2023-08-10T09:40:26","guid":{"rendered":"https:\/\/animangeek.com\/?p=2664"},"modified":"2023-08-10T06:40:26","modified_gmt":"2023-08-10T09:40:26","slug":"studio-de-attack-on-titan-vai-animar-pokemon-minisserie-paldean-winds","status":"publish","type":"post","link":"https:\/\/animangeek.com\/es_es\/studio-de-attack-on-titan-vai-animar-pokemon-minisserie-paldean-winds\/","title":{"rendered":"Attack on Titan Studio animar\u00e1 la miniserie Pok\u00e9mon: Paldean Winds"},"content":{"rendered":"<div class=\"mx-5 sm:mx-0 prose text-left mb-5\"><img decoding=\"async\" src=\"http:\/\/animangeek.com\/wp-content\/uploads\/sites\/106\/2023\/08\/Attack-on-Titan-Studio-para-Animar-Pokemon-Minisserie-Paldean-Winds.jpg\" \/><\/p>\n<div>\n<p>Con derecho <em>Pok\u00e9mon<\/em><em>: Vientos Paldeanos<\/em>WIT Studio se encargar\u00e1 de lo \u00faltimo <em>Pok\u00e9mon<\/em> miniserie.<!-- No repeatable ad for zone: character count repeatable. --><!-- Repeatable debug data: {\"injection\":\"none\",\"adPosition\":0,\"startingPoint\":1,\"skipEvery\":null,\"nbrPlacementFilledEachSkip\":0,\"nbrPlacementsScanned\":0,\"ruleCount\":10,\"degradationStartingPoint\":2,\"actualCount\":103} --><!-- Zone: below first paragraph. --><\/p>\n<p><!-- No winning ad found for zone: mid intro! --><\/p>\n<p>El estudio detr\u00e1s de las temporadas anteriores de <em>Ataque a los Titanes<\/em>, <em>Clasificaci\u00f3n de los Reyes,<\/em> y <em>Saga de Vinland<\/em> fue confirmado como colaborador en la nueva miniserie a trav\u00e9s de <a href=\"https:\/\/twitter.com\/Pokemon\/status\/1688988522575704064\" target=\"_blank\" rel=\"nofollow noopener\">X (antes Twitter)<\/a>.<\/p>\n<p>El proyecto estar\u00e1 dirigido por el director Ryouhei Takeshita (<em>Jujutsu Kaisen<\/em>), guionistas Teruko Utsumi (<em>kakegurui<\/em>) y Keisuke Satou, dise\u00f1ador de color Ayaka Nakamura (<em>Pok\u00e9mon: Nieve Hisuiana<\/em>) y el director de arte Yuuki Funagakure (<em>mondaji<\/em>).<\/p>\n<p>Director 3D Shigenori Hirozumi (<em>Ataque a los Titanes<\/em>), Yuuki Kawashita (<em>Saga de Vinland<\/em>), el prol\u00edfico director de sonido Masafumi Mima y la editora Aya Hida (<em>Ataque a los Titanes<\/em>) y el m\u00fasico Kevin Penkin tambi\u00e9n forman parte del equipo.<\/p>\n<p><!-- Repeatable debug data: {\"injection\":\"before\",\"adPosition\":0,\"startingPoint\":1,\"skipEvery\":null,\"nbrPlacementFilledEachSkip\":0,\"nbrPlacementsScanned\":1,\"ruleCount\":10,\"degradationStartingPoint\":2,\"actualCount\":613} --><!-- Zone: character count repeatable. --><!-- Repeatable debug data: {\"injection\":\"after\",\"adPosition\":1,\"startingPoint\":1,\"skipEvery\":null,\"nbrPlacementFilledEachSkip\":1,\"nbrPlacementsScanned\":1,\"ruleCount\":10,\"degradationStartingPoint\":2,\"actualCount\":0} --><\/p>\n<p><!-- No repeatable ad for zone: character count repeatable. --><!-- Repeatable debug data: {\"injection\":\"none\",\"adPosition\":1,\"startingPoint\":1,\"skipEvery\":null,\"nbrPlacementFilledEachSkip\":1,\"nbrPlacementsScanned\":2,\"ruleCount\":1000,\"degradationStartingPoint\":2,\"actualCount\":57} --><\/p>\n<p><!-- No repeatable ad for zone: character count repeatable. --><!-- Repeatable debug data: {\"injection\":\"none\",\"adPosition\":1,\"startingPoint\":1,\"skipEvery\":null,\"nbrPlacementFilledEachSkip\":1,\"nbrPlacementsScanned\":2,\"ruleCount\":1000,\"degradationStartingPoint\":2,\"actualCount\":58} --><\/p>\n<p><!-- No repeatable ad for zone: character count repeatable. --><!-- Repeatable debug data: {\"injection\":\"none\",\"adPosition\":1,\"startingPoint\":1,\"skipEvery\":null,\"nbrPlacementFilledEachSkip\":1,\"nbrPlacementsScanned\":2,\"ruleCount\":1000,\"degradationStartingPoint\":2,\"actualCount\":298} --><\/p>\n<p>Estudios WIT <em>Pok\u00e9mon<\/em><em>: Vientos Paldeanos<\/em> Gira en torno a un nuevo grupo de entrenadores y los Pok\u00e9mon iniciales: Quaxly, Meowscarada y Fuecoco, todos introducidos en la Generaci\u00f3n IX. <em>Pok\u00e9mon Escarlata y Violeta<\/em>.<\/p>\n<p>La animaci\u00f3n l\u00edquida original es exitosa. <em>Pok\u00e9mon: Nieve Hisuiana<\/em>, que tambi\u00e9n fue animada por WIT. &quot;Esta historia original retratar\u00e1 el drama juvenil de varios estudiantes de la academia a medida que se desarrollan, crecen y aprenden mientras asisten a la escuela&quot;, revel\u00f3 el director ejecutivo Takato Utsunomiya en <em>Regalos de Pok\u00e9mon.<\/em><\/p>\n<p>El tr\u00e1iler contin\u00faa con los temas de viaje y autodescubrimiento que se encuentran com\u00fanmente en <em>Pok\u00e9mon<\/em> juegos y anime.<\/p>\n<p><!-- No repeatable ad for zone: character count repeatable. --><!-- Repeatable debug data: {\"injection\":\"none\",\"adPosition\":1,\"startingPoint\":1,\"skipEvery\":null,\"nbrPlacementFilledEachSkip\":1,\"nbrPlacementsScanned\":2,\"ruleCount\":1000,\"degradationStartingPoint\":2,\"actualCount\":961} --><\/p>\n<p>\u201c\u00bfUn tesoro propio? \u00bfQu\u00e9 es eso?\u201d \u201cAlgo que no soltar\u00e9\u201d. \u201cAlgo que no cambia\u201d. \u201cAlgo que nunca esper\u00e9\u201d, insin\u00faa las perspectivas de Ohara, Aliquis y Hohma, quienes dar\u00e1n vida a la nueva adaptaci\u00f3n. \u201cAhora\u2026 Respira hondo\u2026 Y sal al mundo\u201d.<!-- No repeatable ad for zone: character count repeatable. --><!-- Repeatable debug data: {\"injection\":\"none\",\"adPosition\":2,\"startingPoint\":1,\"skipEvery\":null,\"nbrPlacementFilledEachSkip\":2,\"nbrPlacementsScanned\":3,\"ruleCount\":1000,\"degradationStartingPoint\":2,\"actualCount\":111} --><!-- No winning ad found for zone: native in content! --><\/p>\n<p><!-- Repeatable debug data: {\"injection\":\"before\",\"adPosition\":1,\"startingPoint\":1,\"skipEvery\":null,\"nbrPlacementFilledEachSkip\":1,\"nbrPlacementsScanned\":2,\"ruleCount\":1000,\"degradationStartingPoint\":2,\"actualCount\":1338} --><!-- Zone: character count repeatable. --><!-- Repeatable debug data: {\"injection\":\"after\",\"adPosition\":2,\"startingPoint\":1,\"skipEvery\":null,\"nbrPlacementFilledEachSkip\":2,\"nbrPlacementsScanned\":2,\"ruleCount\":1000,\"degradationStartingPoint\":2,\"actualCount\":0} --><\/p>\n<h2 id=\"pok-eacute-mon-paldean-winds-will-premiere-on-youtube-in-september\">Pok\u00e9mon: Paldean Winds se estrenar\u00e1 en YouTube en septiembre<\/h2>\n<p><em>Ataque a los Titanes<\/em> marca una de las adquisiciones m\u00e1s notables de WIT, pero el renombrado estudio ha estado involucrado con <em>Pok\u00e9mon<\/em> durante a\u00f1os. 2018 <em>La pel\u00edcula Pok\u00e9mon: El poder de nosotros<\/em> Fue realizado en colaboraci\u00f3n con OLM Studios, antes <em>Pok\u00e9mon: Nieve Hisuiana<\/em> y <em>Vientos Paldeanos<\/em> en a\u00f1os sucesivos.<\/p>\n<p>Los fans expresaron su entusiasmo por la continua colaboraci\u00f3n de WIT con la ic\u00f3nica franquicia, y elogiaron especialmente los impresionantes dise\u00f1os de personajes y entornos. Con pintorescas adaptaciones de <em>Clasificaci\u00f3n de los reyes<\/em> y <em>La novia del antiguo mago<\/em> En la cartera de WIT, los fan\u00e1ticos esperan profundidad de uno de los <em>Pok\u00e9mon <\/em>regiones m\u00e1s grandes.<\/p>\n<p><!-- No repeatable ad for zone: character count repeatable. --><!-- Repeatable debug data: {\"injection\":\"none\",\"adPosition\":2,\"startingPoint\":1,\"skipEvery\":null,\"nbrPlacementFilledEachSkip\":2,\"nbrPlacementsScanned\":3,\"ruleCount\":1000,\"degradationStartingPoint\":2,\"actualCount\":759} --><\/p>\n<p><em>Pok\u00e9mon: Vientos Paldeanos<\/em> Abarcar\u00e1 cuatro episodios y estar\u00e1 disponible para transmitir a trav\u00e9s de YouTube el 6 de septiembre de 2023.<\/p>\n<p><!-- No repeatable ad for zone: character count repeatable. --><!-- Repeatable debug data: {\"injection\":\"none\",\"adPosition\":2,\"startingPoint\":1,\"skipEvery\":null,\"nbrPlacementFilledEachSkip\":2,\"nbrPlacementsScanned\":3,\"ruleCount\":1000,\"degradationStartingPoint\":2,\"actualCount\":873} --><\/p>\n<p>Fuente: <a href=\"https:\/\/twitter.com\/Pokemon\/status\/1688988522575704064\" target=\"_blank\" rel=\"nofollow noopener\">inc\u00f3gnita<\/a><\/p>\n<p><!-- No repeatable ad for zone: character count repeatable. --><!-- Repeatable debug data: {\"injection\":\"none\",\"adPosition\":2,\"startingPoint\":1,\"skipEvery\":null,\"nbrPlacementFilledEachSkip\":2,\"nbrPlacementsScanned\":3,\"ruleCount\":1000,\"degradationStartingPoint\":2,\"actualCount\":882} --><\/p>\n<p><!-- No repeatable ad for zone: character count repeatable. --><!-- Repeatable debug data: {\"injection\":\"none\",\"adPosition\":2,\"startingPoint\":1,\"skipEvery\":null,\"nbrPlacementFilledEachSkip\":2,\"nbrPlacementsScanned\":3,\"ruleCount\":1000,\"degradationStartingPoint\":2,\"actualCount\":883} --><\/p>\n<\/div>\n<p><script async src=\"\/\/platform.twitter.com\/widgets.js\" charset=\"utf-8\"><\/script><\/div>","protected":false},"excerpt":{"rendered":"<p>Titulada Pok\u00e9mon: Paldean Winds, WIT Studio se encargar\u00e1 de la nueva miniserie de Pok\u00e9mon. El estudio responsable de las temporadas anteriores de Ataque a los Titanes, Ranking de Reyes y Vinland Saga ha sido confirmado como colaborador en la nueva miniserie a trav\u00e9s de X (anteriormente Twitter). El proyecto contar\u00e1 con el director Ryouhei Takeshita (Jujutsu Kaisen), los guionistas Teruko\u2026 <a class=\"more-link\" href=\"https:\/\/animangeek.com\/es_es\/studio-de-attack-on-titan-vai-animar-pokemon-minisserie-paldean-winds\/\">Sigue leyendo <span class=\"screen-reader-text\">Attack on Titan Studio animar\u00e1 la miniserie Pok\u00e9mon: Paldean Winds<\/span><\/a><\/p>","protected":false},"author":0,"featured_media":2663,"comment_status":"open","ping_status":"open","sticky":false,"template":"","format":"standard","meta":{"footnotes":""},"categories":[4],"tags":[],"yoast_head":"<!-- This site is optimized with the Yoast SEO plugin v23.3 - https:\/\/yoast.com\/wordpress\/plugins\/seo\/ -->\n<title>Studio de Attack on Titan vai animar Pok\u00e9mon: Miniss\u00e9rie Paldean Winds - Animan Geek<\/title>\n<meta name=\"robots\" content=\"index, follow, max-snippet:-1, max-image-preview:large, max-video-preview:-1\" \/>\n<link rel=\"canonical\" href=\"https:\/\/animangeek.com\/es_es\/studio-de-attack-on-titan-vai-animar-pokemon-minisserie-paldean-winds\/\" \/>\n<meta property=\"og:locale\" content=\"es_ES\" \/>\n<meta property=\"og:type\" content=\"article\" \/>\n<meta property=\"og:title\" content=\"Studio de Attack on Titan vai animar Pok\u00e9mon: Miniss\u00e9rie Paldean Winds - Animan Geek\" \/>\n<meta property=\"og:description\" content=\"Intitulado Pok\u00e9mon: Ventos Paldeanoso WIT Studio estar\u00e1 lidando com as \u00faltimas Pok\u00e9mon miniss\u00e9rie. O est\u00fadio por tr\u00e1s das temporadas anteriores de Ataque ao tit\u00e3, Classifica\u00e7\u00e3o dos Reis, e Vinland Saga foi confirmado como colaborador da nova miniss\u00e9rie via X (antigo Twitter). O projeto ter\u00e1 a equipe do diretor Ryouhei Takeshita (Jujutsu Kaisen), os roteiristas Teruko&hellip; Continue reading Studio de Attack on Titan vai animar Pok\u00e9mon: Miniss\u00e9rie Paldean Winds\" \/>\n<meta property=\"og:url\" content=\"https:\/\/animangeek.com\/es_es\/studio-de-attack-on-titan-vai-animar-pokemon-minisserie-paldean-winds\/\" \/>\n<meta property=\"og:site_name\" content=\"Animan Geek\" \/>\n<meta property=\"article:published_time\" content=\"2023-08-10T09:40:26+00:00\" \/>\n<meta property=\"og:image\" content=\"https:\/\/animangeek.com\/wp-content\/uploads\/sites\/106\/2023\/08\/Attack-on-Titan-Studio-para-Animar-Pokemon-Minisserie-Paldean-Winds.jpg\" \/>\n\t<meta property=\"og:image:width\" content=\"1920\" \/>\n\t<meta property=\"og:image:height\" content=\"960\" \/>\n\t<meta property=\"og:image:type\" content=\"image\/jpeg\" \/>\n<meta name=\"twitter:card\" content=\"summary_large_image\" \/>\n<meta name=\"twitter:label1\" content=\"Est. reading time\" \/>\n\t<meta name=\"twitter:data1\" content=\"2 minutos\" \/>\n<script type=\"application\/ld+json\" class=\"yoast-schema-graph\">{\"@context\":\"https:\/\/schema.org\",\"@graph\":[{\"@type\":\"WebPage\",\"@id\":\"https:\/\/animangeek.com\/studio-de-attack-on-titan-vai-animar-pokemon-minisserie-paldean-winds\/\",\"url\":\"https:\/\/animangeek.com\/studio-de-attack-on-titan-vai-animar-pokemon-minisserie-paldean-winds\/\",\"name\":\"Studio de Attack on Titan vai animar Pok\u00e9mon: Miniss\u00e9rie Paldean Winds - Animan Geek\",\"isPartOf\":{\"@id\":\"https:\/\/animangeek.com\/#website\"},\"primaryImageOfPage\":{\"@id\":\"https:\/\/animangeek.com\/studio-de-attack-on-titan-vai-animar-pokemon-minisserie-paldean-winds\/#primaryimage\"},\"image\":{\"@id\":\"https:\/\/animangeek.com\/studio-de-attack-on-titan-vai-animar-pokemon-minisserie-paldean-winds\/#primaryimage\"},\"thumbnailUrl\":\"https:\/\/animangeek.com\/wp-content\/uploads\/sites\/106\/2023\/08\/Attack-on-Titan-Studio-para-Animar-Pokemon-Minisserie-Paldean-Winds.jpg\",\"datePublished\":\"2023-08-10T09:40:26+00:00\",\"dateModified\":\"2023-08-10T09:40:26+00:00\",\"author\":{\"@id\":\"\"},\"breadcrumb\":{\"@id\":\"https:\/\/animangeek.com\/studio-de-attack-on-titan-vai-animar-pokemon-minisserie-paldean-winds\/#breadcrumb\"},\"inLanguage\":\"es\",\"potentialAction\":[{\"@type\":\"ReadAction\",\"target\":[\"https:\/\/animangeek.com\/studio-de-attack-on-titan-vai-animar-pokemon-minisserie-paldean-winds\/\"]}]},{\"@type\":\"ImageObject\",\"inLanguage\":\"es\",\"@id\":\"https:\/\/animangeek.com\/studio-de-attack-on-titan-vai-animar-pokemon-minisserie-paldean-winds\/#primaryimage\",\"url\":\"https:\/\/animangeek.com\/wp-content\/uploads\/sites\/106\/2023\/08\/Attack-on-Titan-Studio-para-Animar-Pokemon-Minisserie-Paldean-Winds.jpg\",\"contentUrl\":\"https:\/\/animangeek.com\/wp-content\/uploads\/sites\/106\/2023\/08\/Attack-on-Titan-Studio-para-Animar-Pokemon-Minisserie-Paldean-Winds.jpg\",\"width\":1920,\"height\":960},{\"@type\":\"BreadcrumbList\",\"@id\":\"https:\/\/animangeek.com\/studio-de-attack-on-titan-vai-animar-pokemon-minisserie-paldean-winds\/#breadcrumb\",\"itemListElement\":[{\"@type\":\"ListItem\",\"position\":1,\"name\":\"Home\",\"item\":\"https:\/\/animangeek.com\/\"},{\"@type\":\"ListItem\",\"position\":2,\"name\":\"Studio de Attack on Titan vai animar Pok\u00e9mon: Miniss\u00e9rie Paldean Winds\"}]},{\"@type\":\"WebSite\",\"@id\":\"https:\/\/animangeek.com\/#website\",\"url\":\"https:\/\/animangeek.com\/\",\"name\":\"Animan Geek\",\"description\":\"\",\"potentialAction\":[{\"@type\":\"SearchAction\",\"target\":{\"@type\":\"EntryPoint\",\"urlTemplate\":\"https:\/\/animangeek.com\/?s={search_term_string}\"},\"query-input\":\"required name=search_term_string\"}],\"inLanguage\":\"es\"}]}<\/script>\n<!-- \/ Yoast SEO plugin. -->","yoast_head_json":{"title":"Studio de Attack on Titan vai animar Pok\u00e9mon: Miniss\u00e9rie Paldean Winds - Animan Geek","robots":{"index":"index","follow":"follow","max-snippet":"max-snippet:-1","max-image-preview":"max-image-preview:large","max-video-preview":"max-video-preview:-1"},"canonical":"https:\/\/animangeek.com\/es_es\/studio-de-attack-on-titan-vai-animar-pokemon-minisserie-paldean-winds\/","og_locale":"es_ES","og_type":"article","og_title":"Studio de Attack on Titan vai animar Pok\u00e9mon: Miniss\u00e9rie Paldean Winds - Animan Geek","og_description":"Intitulado Pok\u00e9mon: Ventos Paldeanoso WIT Studio estar\u00e1 lidando com as \u00faltimas Pok\u00e9mon miniss\u00e9rie. O est\u00fadio por tr\u00e1s das temporadas anteriores de Ataque ao tit\u00e3, Classifica\u00e7\u00e3o dos Reis, e Vinland Saga foi confirmado como colaborador da nova miniss\u00e9rie via X (antigo Twitter). O projeto ter\u00e1 a equipe do diretor Ryouhei Takeshita (Jujutsu Kaisen), os roteiristas Teruko&hellip; Continue reading Studio de Attack on Titan vai animar Pok\u00e9mon: Miniss\u00e9rie Paldean Winds","og_url":"https:\/\/animangeek.com\/es_es\/studio-de-attack-on-titan-vai-animar-pokemon-minisserie-paldean-winds\/","og_site_name":"Animan Geek","article_published_time":"2023-08-10T09:40:26+00:00","og_image":[{"width":1920,"height":960,"url":"https:\/\/animangeek.com\/wp-content\/uploads\/sites\/106\/2023\/08\/Attack-on-Titan-Studio-para-Animar-Pokemon-Minisserie-Paldean-Winds.jpg","type":"image\/jpeg"}],"twitter_card":"summary_large_image","twitter_misc":{"Est. reading time":"2 minutos"},"schema":{"@context":"https:\/\/schema.org","@graph":[{"@type":"WebPage","@id":"https:\/\/animangeek.com\/studio-de-attack-on-titan-vai-animar-pokemon-minisserie-paldean-winds\/","url":"https:\/\/animangeek.com\/studio-de-attack-on-titan-vai-animar-pokemon-minisserie-paldean-winds\/","name":"Studio de Attack on Titan vai animar Pok\u00e9mon: Miniss\u00e9rie Paldean Winds - Animan Geek","isPartOf":{"@id":"https:\/\/animangeek.com\/#website"},"primaryImageOfPage":{"@id":"https:\/\/animangeek.com\/studio-de-attack-on-titan-vai-animar-pokemon-minisserie-paldean-winds\/#primaryimage"},"image":{"@id":"https:\/\/animangeek.com\/studio-de-attack-on-titan-vai-animar-pokemon-minisserie-paldean-winds\/#primaryimage"},"thumbnailUrl":"https:\/\/animangeek.com\/wp-content\/uploads\/sites\/106\/2023\/08\/Attack-on-Titan-Studio-para-Animar-Pokemon-Minisserie-Paldean-Winds.jpg","datePublished":"2023-08-10T09:40:26+00:00","dateModified":"2023-08-10T09:40:26+00:00","author":{"@id":""},"breadcrumb":{"@id":"https:\/\/animangeek.com\/studio-de-attack-on-titan-vai-animar-pokemon-minisserie-paldean-winds\/#breadcrumb"},"inLanguage":"es","potentialAction":[{"@type":"ReadAction","target":["https:\/\/animangeek.com\/studio-de-attack-on-titan-vai-animar-pokemon-minisserie-paldean-winds\/"]}]},{"@type":"ImageObject","inLanguage":"es","@id":"https:\/\/animangeek.com\/studio-de-attack-on-titan-vai-animar-pokemon-minisserie-paldean-winds\/#primaryimage","url":"https:\/\/animangeek.com\/wp-content\/uploads\/sites\/106\/2023\/08\/Attack-on-Titan-Studio-para-Animar-Pokemon-Minisserie-Paldean-Winds.jpg","contentUrl":"https:\/\/animangeek.com\/wp-content\/uploads\/sites\/106\/2023\/08\/Attack-on-Titan-Studio-para-Animar-Pokemon-Minisserie-Paldean-Winds.jpg","width":1920,"height":960},{"@type":"BreadcrumbList","@id":"https:\/\/animangeek.com\/studio-de-attack-on-titan-vai-animar-pokemon-minisserie-paldean-winds\/#breadcrumb","itemListElement":[{"@type":"ListItem","position":1,"name":"Home","item":"https:\/\/animangeek.com\/"},{"@type":"ListItem","position":2,"name":"Studio de Attack on Titan vai animar Pok\u00e9mon: Miniss\u00e9rie Paldean Winds"}]},{"@type":"WebSite","@id":"https:\/\/animangeek.com\/#website","url":"https:\/\/animangeek.com\/","name":"Animan Geek","description":"","potentialAction":[{"@type":"SearchAction","target":{"@type":"EntryPoint","urlTemplate":"https:\/\/animangeek.com\/?s={search_term_string}"},"query-input":"required name=search_term_string"}],"inLanguage":"es"}]}},"_links":{"self":[{"href":"https:\/\/animangeek.com\/es_es\/wp-json\/wp\/v2\/posts\/2664"}],"collection":[{"href":"https:\/\/animangeek.com\/es_es\/wp-json\/wp\/v2\/posts"}],"about":[{"href":"https:\/\/animangeek.com\/es_es\/wp-json\/wp\/v2\/types\/post"}],"replies":[{"embeddable":true,"href":"https:\/\/animangeek.com\/es_es\/wp-json\/wp\/v2\/comments?post=2664"}],"version-history":[{"count":0,"href":"https:\/\/animangeek.com\/es_es\/wp-json\/wp\/v2\/posts\/2664\/revisions"}],"wp:featuredmedia":[{"embeddable":true,"href":"https:\/\/animangeek.com\/es_es\/wp-json\/wp\/v2\/media\/2663"}],"wp:attachment":[{"href":"https:\/\/animangeek.com\/es_es\/wp-json\/wp\/v2\/media?parent=2664"}],"wp:term":[{"taxonomy":"category","embeddable":true,"href":"https:\/\/animangeek.com\/es_es\/wp-json\/wp\/v2\/categories?post=2664"},{"taxonomy":"post_tag","embeddable":true,"href":"https:\/\/animangeek.com\/es_es\/wp-json\/wp\/v2\/tags?post=2664"}],"curies":[{"name":"wp","href":"https:\/\/api.w.org\/{rel}","templated":true}]}}