{"id":26759,"date":"2026-03-19T15:13:00","date_gmt":"2026-03-19T15:13:00","guid":{"rendered":"https:\/\/animangeek.com\/2cf40721-afe6-4630-82d7-7e3002daee21\/"},"modified":"2026-03-19T15:13:08","modified_gmt":"2026-03-19T15:13:08","slug":"2cf40721-afe6-4630-82d7-7e3002daee21","status":"publish","type":"post","link":"https:\/\/animangeek.com\/es_es\/2cf40721-afe6-4630-82d7-7e3002daee21\/","title":{"rendered":"Gerente de Tienda Cuenca: Liderazgo, Trabajo en Equipo y Oportunidades de Crecimiento"},"content":{"rendered":"<div class=\"mx-5 sm:mx-0 prose text-left mb-5\">\n<\/p>\n<div style=\"background: #ffffff; border-radius: 12px; box-shadow: 0 10px 30px rgba(0, 0, 0, 0.1); width: 100%; max-width: 340px; padding: 25px; transition: transform 0.3s ease-in-out; overflow: visible; display: flex; flex-direction: column; position: relative; border: 1px solid #28a745; margin-top: 70px; margin-bottom: 50px; margin-left: auto; margin-right: auto;\">\n<div style=\"position: absolute; top: -35px; right: 15px; color: #28a745; padding: 5px 10px; border-radius: 6px; font-size: 14px; font-weight: bold; display: flex; align-items: center; z-index: 10;\">Recomendado para ti<\/div>\n<div data-namespace-header=\"\" style=\"\">\n<h3 data-namespace-title=\"\" style=\"color: #333; font-size: 20px; font-weight: bold; text-align: left; margin-right: 50px; min-height: 50px; margin-top: 0px;\">Gerente de tienda<\/h3>\n<\/p><\/div>\n<p data-namespace-prompt=\"\" style=\"font-size: 16px; color: #666; margin-bottom: 20px; line-height: 1.5; flex-grow: 1; text-align: left; margin-top: 0px;\">Lidera un equipo, alcanza los objetivos de ventas y crece profesionalmente en el sector minorista. La experiencia y la orientaci\u00f3n al cliente son fundamentales. Ambiente de trabajo motivador.<\/p>\n<p>    <a data-namespace-url=\"\" href=\"https:\/\/animangeek.com\/es_es\/redirect\/?https:\/\/ec.computrabajo.com\/ofertas-de-trabajo\/oferta-de-trabajo-de-gerente-de-tienda-cuenca-cuenca-en-cuenca-AC1DC9638F77CE2761373E686DCF3405?utm_campaign=google_jobs_apply&#038;utm_source=google_jobs_apply&#038;utm_medium=organic\" style=\"width: 100%; display: inline-block; color: white; text-decoration: none; border-radius: 6px; font-size: 16px; font-weight: bold; text-align: center; transition: transform 0.3s ease, background 0.3s ease; margin-top: auto;\" data-namespace-id=\"5c0d2565-3ba9-4280-a382-ad2a691e2285\"><br \/>\n        <button style=\"width: 100%; height: 55px; background: #e9e9ed; border: 1px solid black; color: black;\">Solicitar un trabajo<\/button><br \/>\n    <\/a><br \/>\n    <small style=\"margin-top: 10px; color: #777; font-size: 12px; text-align: center; display: block;\">Ser\u00e1s redirigido a otro sitio web.<\/small>\n<\/div>\n<p><!-- Introducci\u00f3n a la vacante --><br \/>\nEl puesto de Gerente de Tienda es una oportunidad atractiva para personas con experiencia previa en el sector minorista y en puestos de liderazgo. El contrato es indefinido y por tiempo completo, ideal para quienes buscan estabilidad y crecimiento profesional. El salario ser\u00e1 negociable seg\u00fan la experiencia y las aptitudes del candidato.<\/p>\n<h2>Responsabilidades y rutina diaria<\/h2>\n<p>El d\u00eda a d\u00eda de este puesto implica liderar al equipo de la tienda, asignando tareas y supervisando el desempe\u00f1o individual. El gerente es responsable de mantener un entorno de producci\u00f3n acorde con la cultura de la marca. Debe garantizar la excelencia en el servicio al cliente, gestionar incidencias y asegurar el cumplimiento de los protocolos de atenci\u00f3n. Adem\u00e1s, debe gestionar los horarios y las remuneraciones del personal, as\u00ed como garantizar el logro de los objetivos de ventas y los indicadores clave de rendimiento (KPI). Por \u00faltimo, el cumplimiento de las normas de seguridad y los procesos internos es fundamental en su gesti\u00f3n diaria.<\/p>\n<h2>Caracter\u00edsticas atractivas y puntos positivos<\/h2>\n<p>Una de las mayores ventajas de este puesto es el potencial de crecimiento profesional y la visibilidad dentro del sector minorista. Adem\u00e1s, ofrece la oportunidad de desarrollar habilidades de liderazgo y gesti\u00f3n de equipos, lo que lo convierte en una excelente alternativa para quienes buscan una carrera a largo plazo. El ambiente laboral fomenta la motivaci\u00f3n y la colaboraci\u00f3n, facilitando el desarrollo personal y profesional.<\/p>\n<h2>Posibles desaf\u00edos a considerar<\/h2>\n<p>La principal tarea para los candidatos ser\u00e1 adaptarse a la exigente din\u00e1mica del sector minorista, que puede incluir trabajar en turnos rotativos, fines de semana y festivos. La capacidad para resolver conflictos y la presi\u00f3n por alcanzar los objetivos comerciales tambi\u00e9n ser\u00e1n fundamentales. Estos factores pueden suponer un reto, especialmente para quienes buscan una rutina laboral tradicional.<\/p>\n<h2>Veredicto final<\/h2>\n<p>Este puesto de Gerente de Tienda se recomienda para personas con experiencia en liderazgo de equipos y atenci\u00f3n al cliente. Sus beneficios y estabilidad superan con creces las desventajas que presenta. Si te apasiona el sector minorista, esta oportunidad representa un paso firme en tu desarrollo profesional.<\/p>\n<div style=\"background: #ffffff; border-radius: 12px; box-shadow: 0 10px 30px rgba(0, 0, 0, 0.1); width: 100%; max-width: 340px; padding: 25px; transition: transform 0.3s ease-in-out; overflow: visible; display: flex; flex-direction: column; position: relative; border: 1px solid #28a745; margin-top: 70px; margin-bottom: 50px; margin-left: auto; margin-right: auto;\">\n<div style=\"position: absolute; top: -35px; right: 15px; color: #28a745; padding: 5px 10px; border-radius: 6px; font-size: 14px; font-weight: bold; display: flex; align-items: center; z-index: 10;\">Recomendado para ti<\/div>\n<div data-namespace-header=\"\" style=\"\">\n<h3 data-namespace-title=\"\" style=\"color: #333; font-size: 20px; font-weight: bold; text-align: left; margin-right: 50px; min-height: 50px; margin-top: 0px;\">Gerente de tienda<\/h3>\n<\/p><\/div>\n<p data-namespace-prompt=\"\" style=\"font-size: 16px; color: #666; margin-bottom: 20px; line-height: 1.5; flex-grow: 1; text-align: left; margin-top: 0px;\">Lidera un equipo, alcanza los objetivos de ventas y crece profesionalmente en el sector minorista. La experiencia y la orientaci\u00f3n al cliente son fundamentales. Ambiente de trabajo motivador.<\/p>\n<p>    <a data-namespace-url=\"\" href=\"https:\/\/animangeek.com\/es_es\/redirect\/?https:\/\/ec.computrabajo.com\/ofertas-de-trabajo\/oferta-de-trabajo-de-gerente-de-tienda-cuenca-cuenca-en-cuenca-AC1DC9638F77CE2761373E686DCF3405?utm_campaign=google_jobs_apply&#038;utm_source=google_jobs_apply&#038;utm_medium=organic\" style=\"width: 100%; display: inline-block; color: white; text-decoration: none; border-radius: 6px; font-size: 16px; font-weight: bold; text-align: center; transition: transform 0.3s ease, background 0.3s ease; margin-top: auto;\" data-namespace-id=\"5c0d2565-3ba9-4280-a382-ad2a691e2285\"><br \/>\n        <button style=\"width: 100%; height: 55px; background: #e9e9ed; border: 1px solid black; color: black;\">Solicitar un trabajo<\/button><br \/>\n    <\/a><br \/>\n    <small style=\"margin-top: 10px; color: #777; font-size: 12px; text-align: center; display: block;\">Ser\u00e1s redirigido a otro sitio web.<\/small>\n<\/div>\n<\/div>","protected":false},"excerpt":{"rendered":"<p>\u00bfTe apasiona el liderazgo en el sector minorista? Buscamos gerentes de tienda con experiencia, orientaci\u00f3n al cliente y ambici\u00f3n. Desarrolla tu carrera profesional en un entorno motivador. \u00a1Post\u00falate!<\/p>","protected":false},"author":3,"featured_media":0,"comment_status":"open","ping_status":"open","sticky":false,"template":"","format":"standard","meta":{"footnotes":""},"categories":[1770],"tags":[],"yoast_head":"<!-- This site is optimized with the Yoast SEO plugin v23.3 - https:\/\/yoast.com\/wordpress\/plugins\/seo\/ -->\n<title>Gerente de Tienda Cuenca: Liderazgo, Trabajo en Equipo y Oportunidad de Crecimiento - Animan Geek<\/title>\n<meta name=\"robots\" content=\"index, follow, max-snippet:-1, max-image-preview:large, max-video-preview:-1\" \/>\n<link rel=\"canonical\" href=\"https:\/\/animangeek.com\/es_es\/2cf40721-afe6-4630-82d7-7e3002daee21\/\" \/>\n<meta property=\"og:locale\" content=\"es_ES\" \/>\n<meta property=\"og:type\" content=\"article\" \/>\n<meta property=\"og:title\" content=\"Gerente de Tienda Cuenca: Liderazgo, Trabajo en Equipo y Oportunidad de Crecimiento - Animan Geek\" \/>\n<meta property=\"og:description\" content=\"\u00bfTe apasiona el liderazgo en retail? Gerente de Tienda busca personas con experiencia, orientaci\u00f3n al cliente y ambici\u00f3n. Crece profesionalmente en un ambiente motivador. \u00a1Postula ya!\" \/>\n<meta property=\"og:url\" content=\"https:\/\/animangeek.com\/es_es\/2cf40721-afe6-4630-82d7-7e3002daee21\/\" \/>\n<meta property=\"og:site_name\" content=\"Animan Geek\" \/>\n<meta property=\"article:published_time\" content=\"2026-03-19T15:13:00+00:00\" \/>\n<meta property=\"article:modified_time\" content=\"2026-03-19T15:13:08+00:00\" \/>\n<meta name=\"author\" content=\"Bruno Gianni\" \/>\n<meta name=\"twitter:card\" content=\"summary_large_image\" \/>\n<meta name=\"twitter:label1\" content=\"Written by\" \/>\n\t<meta name=\"twitter:data1\" content=\"Bruno Gianni\" \/>\n\t<meta name=\"twitter:label2\" content=\"Est. reading time\" \/>\n\t<meta name=\"twitter:data2\" content=\"2 minutos\" \/>\n<script type=\"application\/ld+json\" class=\"yoast-schema-graph\">{\"@context\":\"https:\/\/schema.org\",\"@graph\":[{\"@type\":\"WebPage\",\"@id\":\"https:\/\/animangeek.com\/2cf40721-afe6-4630-82d7-7e3002daee21\/\",\"url\":\"https:\/\/animangeek.com\/2cf40721-afe6-4630-82d7-7e3002daee21\/\",\"name\":\"Gerente de Tienda Cuenca: Liderazgo, Trabajo en Equipo y Oportunidad de Crecimiento - Animan Geek\",\"isPartOf\":{\"@id\":\"https:\/\/animangeek.com\/#website\"},\"datePublished\":\"2026-03-19T15:13:00+00:00\",\"dateModified\":\"2026-03-19T15:13:08+00:00\",\"author\":{\"@id\":\"https:\/\/animangeek.com\/#\/schema\/person\/d52888235fd6563bd07d97185d6a61e4\"},\"breadcrumb\":{\"@id\":\"https:\/\/animangeek.com\/2cf40721-afe6-4630-82d7-7e3002daee21\/#breadcrumb\"},\"inLanguage\":\"es\",\"potentialAction\":[{\"@type\":\"ReadAction\",\"target\":[\"https:\/\/animangeek.com\/2cf40721-afe6-4630-82d7-7e3002daee21\/\"]}]},{\"@type\":\"BreadcrumbList\",\"@id\":\"https:\/\/animangeek.com\/2cf40721-afe6-4630-82d7-7e3002daee21\/#breadcrumb\",\"itemListElement\":[{\"@type\":\"ListItem\",\"position\":1,\"name\":\"Home\",\"item\":\"https:\/\/animangeek.com\/\"},{\"@type\":\"ListItem\",\"position\":2,\"name\":\"Gerente de Tienda Cuenca: Liderazgo, Trabajo en Equipo y Oportunidad de Crecimiento\"}]},{\"@type\":\"WebSite\",\"@id\":\"https:\/\/animangeek.com\/#website\",\"url\":\"https:\/\/animangeek.com\/\",\"name\":\"Animan Geek\",\"description\":\"\",\"potentialAction\":[{\"@type\":\"SearchAction\",\"target\":{\"@type\":\"EntryPoint\",\"urlTemplate\":\"https:\/\/animangeek.com\/?s={search_term_string}\"},\"query-input\":\"required name=search_term_string\"}],\"inLanguage\":\"es\"},{\"@type\":\"Person\",\"@id\":\"https:\/\/animangeek.com\/#\/schema\/person\/d52888235fd6563bd07d97185d6a61e4\",\"name\":\"Bruno Gianni\",\"image\":{\"@type\":\"ImageObject\",\"inLanguage\":\"es\",\"@id\":\"https:\/\/animangeek.com\/#\/schema\/person\/image\/\",\"url\":\"https:\/\/secure.gravatar.com\/avatar\/0f5d42d7bf77874643c1478932860e3f?s=96&d=mm&r=g\",\"contentUrl\":\"https:\/\/secure.gravatar.com\/avatar\/0f5d42d7bf77874643c1478932860e3f?s=96&d=mm&r=g\",\"caption\":\"Bruno Gianni\"},\"description\":\"Bruno writes the way he lives, with curiosity, care, and respect for people. He likes to observe, listen, and try to understand what is happening on the other side before putting any words on the page.For him, writing is not about impressing, but about getting closer. It is about turning thoughts into something simple, clear, and real. Every text is an ongoing conversation, created with care and honesty, with the sincere intention of touching someone, somewhere along the way.\",\"url\":\"https:\/\/animangeek.com\/es_es\/author\/bcgianni\/\"}]}<\/script>\n<!-- \/ Yoast SEO plugin. -->","yoast_head_json":{"title":"Gerente de Tienda Cuenca: Liderazgo, Trabajo en Equipo y Oportunidad de Crecimiento - Animan Geek","robots":{"index":"index","follow":"follow","max-snippet":"max-snippet:-1","max-image-preview":"max-image-preview:large","max-video-preview":"max-video-preview:-1"},"canonical":"https:\/\/animangeek.com\/es_es\/2cf40721-afe6-4630-82d7-7e3002daee21\/","og_locale":"es_ES","og_type":"article","og_title":"Gerente de Tienda Cuenca: Liderazgo, Trabajo en Equipo y Oportunidad de Crecimiento - Animan Geek","og_description":"\u00bfTe apasiona el liderazgo en retail? Gerente de Tienda busca personas con experiencia, orientaci\u00f3n al cliente y ambici\u00f3n. Crece profesionalmente en un ambiente motivador. \u00a1Postula ya!","og_url":"https:\/\/animangeek.com\/es_es\/2cf40721-afe6-4630-82d7-7e3002daee21\/","og_site_name":"Animan Geek","article_published_time":"2026-03-19T15:13:00+00:00","article_modified_time":"2026-03-19T15:13:08+00:00","author":"Bruno Gianni","twitter_card":"summary_large_image","twitter_misc":{"Written by":"Bruno Gianni","Est. reading time":"2 minutos"},"schema":{"@context":"https:\/\/schema.org","@graph":[{"@type":"WebPage","@id":"https:\/\/animangeek.com\/2cf40721-afe6-4630-82d7-7e3002daee21\/","url":"https:\/\/animangeek.com\/2cf40721-afe6-4630-82d7-7e3002daee21\/","name":"Gerente de Tienda Cuenca: Liderazgo, Trabajo en Equipo y Oportunidad de Crecimiento - Animan Geek","isPartOf":{"@id":"https:\/\/animangeek.com\/#website"},"datePublished":"2026-03-19T15:13:00+00:00","dateModified":"2026-03-19T15:13:08+00:00","author":{"@id":"https:\/\/animangeek.com\/#\/schema\/person\/d52888235fd6563bd07d97185d6a61e4"},"breadcrumb":{"@id":"https:\/\/animangeek.com\/2cf40721-afe6-4630-82d7-7e3002daee21\/#breadcrumb"},"inLanguage":"es","potentialAction":[{"@type":"ReadAction","target":["https:\/\/animangeek.com\/2cf40721-afe6-4630-82d7-7e3002daee21\/"]}]},{"@type":"BreadcrumbList","@id":"https:\/\/animangeek.com\/2cf40721-afe6-4630-82d7-7e3002daee21\/#breadcrumb","itemListElement":[{"@type":"ListItem","position":1,"name":"Home","item":"https:\/\/animangeek.com\/"},{"@type":"ListItem","position":2,"name":"Gerente de Tienda Cuenca: Liderazgo, Trabajo en Equipo y Oportunidad de Crecimiento"}]},{"@type":"WebSite","@id":"https:\/\/animangeek.com\/#website","url":"https:\/\/animangeek.com\/","name":"Animan Geek","description":"","potentialAction":[{"@type":"SearchAction","target":{"@type":"EntryPoint","urlTemplate":"https:\/\/animangeek.com\/?s={search_term_string}"},"query-input":"required name=search_term_string"}],"inLanguage":"es"},{"@type":"Person","@id":"https:\/\/animangeek.com\/#\/schema\/person\/d52888235fd6563bd07d97185d6a61e4","name":"Bruno Gianni","image":{"@type":"ImageObject","inLanguage":"es","@id":"https:\/\/animangeek.com\/#\/schema\/person\/image\/","url":"https:\/\/secure.gravatar.com\/avatar\/0f5d42d7bf77874643c1478932860e3f?s=96&d=mm&r=g","contentUrl":"https:\/\/secure.gravatar.com\/avatar\/0f5d42d7bf77874643c1478932860e3f?s=96&d=mm&r=g","caption":"Bruno Gianni"},"description":"Bruno writes the way he lives, with curiosity, care, and respect for people. He likes to observe, listen, and try to understand what is happening on the other side before putting any words on the page.For him, writing is not about impressing, but about getting closer. It is about turning thoughts into something simple, clear, and real. Every text is an ongoing conversation, created with care and honesty, with the sincere intention of touching someone, somewhere along the way.","url":"https:\/\/animangeek.com\/es_es\/author\/bcgianni\/"}]}},"_links":{"self":[{"href":"https:\/\/animangeek.com\/es_es\/wp-json\/wp\/v2\/posts\/26759"}],"collection":[{"href":"https:\/\/animangeek.com\/es_es\/wp-json\/wp\/v2\/posts"}],"about":[{"href":"https:\/\/animangeek.com\/es_es\/wp-json\/wp\/v2\/types\/post"}],"author":[{"embeddable":true,"href":"https:\/\/animangeek.com\/es_es\/wp-json\/wp\/v2\/users\/3"}],"replies":[{"embeddable":true,"href":"https:\/\/animangeek.com\/es_es\/wp-json\/wp\/v2\/comments?post=26759"}],"version-history":[{"count":1,"href":"https:\/\/animangeek.com\/es_es\/wp-json\/wp\/v2\/posts\/26759\/revisions"}],"predecessor-version":[{"id":26765,"href":"https:\/\/animangeek.com\/es_es\/wp-json\/wp\/v2\/posts\/26759\/revisions\/26765"}],"wp:attachment":[{"href":"https:\/\/animangeek.com\/es_es\/wp-json\/wp\/v2\/media?parent=26759"}],"wp:term":[{"taxonomy":"category","embeddable":true,"href":"https:\/\/animangeek.com\/es_es\/wp-json\/wp\/v2\/categories?post=26759"},{"taxonomy":"post_tag","embeddable":true,"href":"https:\/\/animangeek.com\/es_es\/wp-json\/wp\/v2\/tags?post=26759"}],"curies":[{"name":"wp","href":"https:\/\/api.w.org\/{rel}","templated":true}]}}